{"id":65701,"date":"2020-08-19T12:09:13","date_gmt":"2020-08-19T15:09:13","guid":{"rendered":"https:\/\/www.actualidadadiario.com\/?p=65701"},"modified":"2020-08-19T12:09:13","modified_gmt":"2020-08-19T15:09:13","slug":"el-oficialismo-intentara-emitir-dictamen-de-la-reforma-judicial-en-el-senado","status":"publish","type":"post","link":"https:\/\/www.actualidadadiario.com\/index.php\/2020\/08\/19\/el-oficialismo-intentara-emitir-dictamen-de-la-reforma-judicial-en-el-senado\/","title":{"rendered":"El oficialismo intentar\u00e1 emitir dictamen de la reforma judicial en el Senado"},"content":{"rendered":"<p style=\"text-align: center;\"><em><strong>La Comisi\u00f3n de Asuntos Constitucionales volver\u00e1 a reunirse para incorporar modificaciones. El objetivo ser\u00e1 llevar el proyecto al recinto la semana pr\u00f3xima<\/strong><\/em><\/p>\n<p>&nbsp;<\/p>\n<p>&nbsp;<\/p>\n<p>El proyecto de reforma judicial continuar\u00e1 su tratamiento en el Senado, en donde el oficialismo intentar\u00e1 darle dictamen y la semana que viene sea debatida en el recinto.<\/p>\n<p>&#8220;Entiendo que en el d\u00eda de hoy (mi\u00e9rcoles) a las 16 vamos a estar en condiciones de sacar el dictamen, un dictamen de mayor\u00eda&#8221;, se\u00f1al\u00f3 la presidenta de la Comisi\u00f3n de Asuntos Constitucionales de la C\u00e1mara alta, Mar\u00eda de los \u00c1ngeles Sacnun.<\/p>\n<p>En declaraciones radiales, la santafesina indic\u00f3 que &#8220;a partir del d\u00eda del dictamen hay siete d\u00edas para llevarlo al pleno de la C\u00e1mara&#8221;.<\/p>\n<p>&#8220;La semana que viene estaremos en condiciones de dar la discusi\u00f3n en el recinto&#8221;, subray\u00f3 la legisladora del Frente de Todos, quien confirm\u00f3 que se introdujeron cambios a la iniciativa enviada por el Poder Ejecutivo.<\/p>\n<p>En ese sentido, la senadora oficialista record\u00f3 que el Frente de Todos tiene &#8220;quorum propio en el Senado&#8221;, a la vez que se\u00f1al\u00f3 que el interbloque de Juntos por el Cambio en la C\u00e1mara alta &#8220;no tuvo una actitud de bloquear la reforma: el proyecto se ha tratado, se ha discutido&#8221;.<\/p>\n<p>&#8220;Tuvimos contacto con Cambiemos para aguardar las posibles sugerencias de demoras. Hicieron preguntas, trabajaron activamente con preguntas, pero no hubo concretamente para proceder a la reforma o tratar de arribar a un dictamen conjunto&#8221;, precis\u00f3 Sacnun.<\/p>\n<p>Y compar\u00f3: &#8220;En Diputados directamente pretenden un bloqueo al tema. Le han pedido al Presidente (Alberto Fern\u00e1ndez) que no se trate el proyecto cuando ya tiene estado parlamentario&#8221;.<\/p>\n<p>En tanto, desde la principal bancada opositora, Juntos por el Cambio envi\u00f3 una carta al presidente Alberto Fern\u00e1ndez para pedir el retiro del proyecto, al considerar que su discusi\u00f3n &#8220;no es oportuna&#8221; en el marco de la pandemia de coronavirus, un d\u00eda despu\u00e9s de la movilizaci\u00f3n de protesta en la que, entre otras consignas, se rechaz\u00f3 la iniciativa.<\/p>\n<p>Tambi\u00e9n, desde el bloque de Consenso Federal -la fuerza que encabeza Roberto Lavagna- se anunci\u00f3 la decisi\u00f3n de no acompa\u00f1ar la iniciativa impulsada por el Ejecutivo.<\/p>\n<p>&#8220;Sin un acuerdo pol\u00edtico fuerte y extendido, la reforma judicial es inviable. Y est\u00e1 claro que un acuerdo de ese tipo no existe. Por eso, ratifico que el bloque de Consenso Federal no la votar\u00e1&#8221;, sostuvo el diputado nacional Alejandro &#8220;Topo&#8221; Rodr\u00edguez, mano derecha del exministro de Econom\u00eda.<\/p>\n","protected":false},"excerpt":{"rendered":"<p>La Comisi\u00f3n de Asuntos Constitucionales volver\u00e1 a reunirse para incorporar modificaciones. El objetivo ser\u00e1 llevar el proyecto al recinto la semana pr\u00f3xima &nbsp; &nbsp; El proyecto de reforma judicial continuar\u00e1 su tratamiento en el Senado, en donde el oficialismo intentar\u00e1 darle dictamen y la semana que viene sea debatida en el recinto. &#8220;Entiendo que en el d\u00eda de hoy (mi\u00e9rcoles) a las 16 vamos a estar en condiciones de sacar el dictamen, un dictamen de mayor\u00eda&#8221;, se\u00f1al\u00f3 la presidenta de la Comisi\u00f3n de Asuntos Constitucionales de la C\u00e1mara alta, Mar\u00eda&#8230;<\/p>\n","protected":false},"author":3,"featured_media":65702,"comment_status":"closed","ping_status":"closed","sticky":false,"template":"","format":"standard","meta":[],"categories":[18],"tags":[],"_links":{"self":[{"href":"https:\/\/www.actualidadadiario.com\/index.php\/wp-json\/wp\/v2\/posts\/65701"}],"collection":[{"href":"https:\/\/www.actualidadadiario.com\/index.php\/wp-json\/wp\/v2\/posts"}],"about":[{"href":"https:\/\/www.actualidadadiario.com\/index.php\/wp-json\/wp\/v2\/types\/post"}],"author":[{"embeddable":true,"href":"https:\/\/www.actualidadadiario.com\/index.php\/wp-json\/wp\/v2\/users\/3"}],"replies":[{"embeddable":true,"href":"https:\/\/www.actualidadadiario.com\/index.php\/wp-json\/wp\/v2\/comments?post=65701"}],"version-history":[{"count":1,"href":"https:\/\/www.actualidadadiario.com\/index.php\/wp-json\/wp\/v2\/posts\/65701\/revisions"}],"predecessor-version":[{"id":65703,"href":"https:\/\/www.actualidadadiario.com\/index.php\/wp-json\/wp\/v2\/posts\/65701\/revisions\/65703"}],"wp:featuredmedia":[{"embeddable":true,"href":"https:\/\/www.actualidadadiario.com\/index.php\/wp-json\/wp\/v2\/media\/65702"}],"wp:attachment":[{"href":"https:\/\/www.actualidadadiario.com\/index.php\/wp-json\/wp\/v2\/media?parent=65701"}],"wp:term":[{"taxonomy":"category","embeddable":true,"href":"https:\/\/www.actualidadadiario.com\/index.php\/wp-json\/wp\/v2\/categories?post=65701"},{"taxonomy":"post_tag","embeddable":true,"href":"https:\/\/www.actualidadadiario.com\/index.php\/wp-json\/wp\/v2\/tags?post=65701"}],"curies":[{"name":"wp","href":"https:\/\/api.w.org\/{rel}","templated":true}]}}