{"id":65693,"date":"2020-08-19T12:07:06","date_gmt":"2020-08-19T15:07:06","guid":{"rendered":"https:\/\/www.actualidadadiario.com\/?p=65693"},"modified":"2020-08-19T12:07:06","modified_gmt":"2020-08-19T15:07:06","slug":"cuarto-ife-arroyo-confirmo-su-continuidad-mientras-se-evalua-como-implementar-la-renta-basica","status":"publish","type":"post","link":"https:\/\/www.actualidadadiario.com\/index.php\/2020\/08\/19\/cuarto-ife-arroyo-confirmo-su-continuidad-mientras-se-evalua-como-implementar-la-renta-basica\/","title":{"rendered":"Cuarto IFE: Arroyo confirm\u00f3 su continuidad mientras se eval\u00faa c\u00f3mo implementar la renta b\u00e1sica"},"content":{"rendered":"<p style=\"text-align: center;\"><em><strong>El ministro de Desarrollo Social ratific\u00f3 el programa asistencial y descart\u00f3 &#8220;riesgo de estallido social&#8221;. Confirm\u00f3 as\u00ed una cuarta versi\u00f3n de la ayuda econ\u00f3mica<\/strong><\/em><\/p>\n<p>&nbsp;<\/p>\n<p>&nbsp;<\/p>\n<p>&nbsp;<\/p>\n<p>El ministro de Desarrollo Social, Daniel Arroyo, confirm\u00f3 el cuarto IFE al sostener que el bono de $10000 del Ingreso Familiar de Emergencia (IFE) &#8220;es el ejemplo de la decisi\u00f3n del presidente Alberto Fern\u00e1ndez de empezar por los \u00faltimos&#8221;. As\u00ed, indic\u00f3 que continuar\u00e1n con el &#8220;acompa\u00f1amiento social&#8221;.<\/p>\n<p>&#8220;El IFE muestra el nivel de deterioro que hab\u00eda en la sociedad&#8221;, se\u00f1al\u00f3 el funcionario al repasar los programas de asistencia que se desplegaron en el marco de la pandemia por coronavirus.<\/p>\n<p>Arroyo asegur\u00f3 as\u00ed que &#8220;est\u00e1 claro que vamos a seguir mucho tiempo con acompa\u00f1amiento social&#8221;, indic\u00f3 que el IFE 3 ya se est\u00e1 pagando y anticip\u00f3 que &#8220;se est\u00e1 evaluando una nueva etapa&#8221;.<\/p>\n<p>&#8220;En Argentina no hay riesgo de estallido social. Hay preocupaci\u00f3n, pero aprendimos del 2001. En aquel tiempo ten\u00edamos 200.000 personas con Plan Trabajar. Hoy tenemos el IFE, la AUH &#8211; Asignaci\u00f3n Universal por Hijo &#8211; y mucha m\u00e1s red social&#8221;, subray\u00f3 el ex diputado en di\u00e1logo con El Destape Radio.<\/p>\n<p>En la misma l\u00ednea, el ministro destac\u00f3 que &#8220;se lleg\u00f3 a 11 millones de personas&#8221; con distintos mecanismos, y reconoci\u00f3 que &#8220;efectivamente a veces falta que sea con mayor velocidad&#8221;.<\/p>\n<p>Arroyo tambi\u00e9n hizo hincapi\u00e9 en el Plan Potenciar Trabajo lanzado en junio, y que se basa en &#8220;apoyo a construcci\u00f3n, producci\u00f3n de alimentos, textil, econom\u00eda del cuidado y reciclado&#8221;.<\/p>\n<p>&#8220;Apostamos a crear 300.000 puestos con el Plan Potenciar Trabajo&#8221;, enfatiz\u00f3. Al ser consultado por el Plan contra el Hambre, consider\u00f3: &#8220;Estamos bien y estamos mal&#8221;.<\/p>\n<p>&#8220;Est\u00e1n faltando leche, carnes, verduras, eso es la calidad nutricional que nos est\u00e1 faltando. Adem\u00e1s, las compras de la Tarjeta Alimentar empezaron con estos productos pero luego eso baj\u00f3 para comprar cosas m\u00e1s baratas como fideos y harinas&#8221;, detall\u00f3 el funcionario.<\/p>\n<p>En este punto, Arroyo ampli\u00f3: &#8220;Le transferimos recursos a los comedores, eso mueve la econom\u00eda local y tambi\u00e9n nos permite ver si logran cumplir con la calidad nutricional&#8221;.<\/p>\n<p>El ministro estim\u00f3 que &#8220;existen alrededor de 10.000 comedores&#8221;, y adelant\u00f3 que est\u00e1n trabajando en la confecci\u00f3n de un registro.<\/p>\n","protected":false},"excerpt":{"rendered":"<p>El ministro de Desarrollo Social ratific\u00f3 el programa asistencial y descart\u00f3 &#8220;riesgo de estallido social&#8221;. Confirm\u00f3 as\u00ed una cuarta versi\u00f3n de la ayuda econ\u00f3mica &nbsp; &nbsp; &nbsp; El ministro de Desarrollo Social, Daniel Arroyo, confirm\u00f3 el cuarto IFE al sostener que el bono de $10000 del Ingreso Familiar de Emergencia (IFE) &#8220;es el ejemplo de la decisi\u00f3n del presidente Alberto Fern\u00e1ndez de empezar por los \u00faltimos&#8221;. As\u00ed, indic\u00f3 que continuar\u00e1n con el &#8220;acompa\u00f1amiento social&#8221;. &#8220;El IFE muestra el nivel de deterioro que hab\u00eda en la sociedad&#8221;, se\u00f1al\u00f3 el funcionario al&#8230;<\/p>\n","protected":false},"author":3,"featured_media":65542,"comment_status":"closed","ping_status":"closed","sticky":false,"template":"","format":"standard","meta":[],"categories":[18],"tags":[],"_links":{"self":[{"href":"https:\/\/www.actualidadadiario.com\/index.php\/wp-json\/wp\/v2\/posts\/65693"}],"collection":[{"href":"https:\/\/www.actualidadadiario.com\/index.php\/wp-json\/wp\/v2\/posts"}],"about":[{"href":"https:\/\/www.actualidadadiario.com\/index.php\/wp-json\/wp\/v2\/types\/post"}],"author":[{"embeddable":true,"href":"https:\/\/www.actualidadadiario.com\/index.php\/wp-json\/wp\/v2\/users\/3"}],"replies":[{"embeddable":true,"href":"https:\/\/www.actualidadadiario.com\/index.php\/wp-json\/wp\/v2\/comments?post=65693"}],"version-history":[{"count":1,"href":"https:\/\/www.actualidadadiario.com\/index.php\/wp-json\/wp\/v2\/posts\/65693\/revisions"}],"predecessor-version":[{"id":65694,"href":"https:\/\/www.actualidadadiario.com\/index.php\/wp-json\/wp\/v2\/posts\/65693\/revisions\/65694"}],"wp:featuredmedia":[{"embeddable":true,"href":"https:\/\/www.actualidadadiario.com\/index.php\/wp-json\/wp\/v2\/media\/65542"}],"wp:attachment":[{"href":"https:\/\/www.actualidadadiario.com\/index.php\/wp-json\/wp\/v2\/media?parent=65693"}],"wp:term":[{"taxonomy":"category","embeddable":true,"href":"https:\/\/www.actualidadadiario.com\/index.php\/wp-json\/wp\/v2\/categories?post=65693"},{"taxonomy":"post_tag","embeddable":true,"href":"https:\/\/www.actualidadadiario.com\/index.php\/wp-json\/wp\/v2\/tags?post=65693"}],"curies":[{"name":"wp","href":"https:\/\/api.w.org\/{rel}","templated":true}]}}