{"id":65691,"date":"2020-08-19T12:06:21","date_gmt":"2020-08-19T15:06:21","guid":{"rendered":"https:\/\/www.actualidadadiario.com\/?p=65691"},"modified":"2020-08-19T12:06:21","modified_gmt":"2020-08-19T15:06:21","slug":"espionaje-ilegal-piden-la-indagatoria-del-secretario-privado-de-mauricio-macri","status":"publish","type":"post","link":"https:\/\/www.actualidadadiario.com\/index.php\/2020\/08\/19\/espionaje-ilegal-piden-la-indagatoria-del-secretario-privado-de-mauricio-macri\/","title":{"rendered":"Espionaje ilegal: piden la indagatoria del secretario privado de Mauricio Macri"},"content":{"rendered":"<p style=\"text-align: center;\"><em><strong>Los fiscales Cecilia Incardona y Santiago Eyerabide solicitaron la medida sobre Dar\u00edo Nieto y los ex jefes de la AFI, Gustavo Arribas y Silvia Majdalani, adem\u00e1s de otra veintena de esp\u00edas<\/strong><\/em><\/p>\n<p>&nbsp;<\/p>\n<p>&nbsp;<\/p>\n<p>&nbsp;<\/p>\n<p>Los fiscales de la causa por espionaje ilegal realizado durante el gobierno de Cambiemos pidieron la indagatoria del secretario privado del ex presidente Mauricio Macri, Dar\u00edo Nieto, y de la c\u00fapula de la AFI.<\/p>\n<p>Se trata de la \u201ccausa grande\u201d de espionaje, que involucra no s\u00f3lo la persecuci\u00f3n contra Cristina Fern\u00e1ndez de Kirchner sino contra otra veintena de personajes p\u00fablicos. Entre ellos est\u00e1n los dirigentes camioneros Hugo y Pablo Moyano; el gastron\u00f3mico Luis Barrionuevo y su esposa, la diputada Graciela Caama\u00f1o; los dirigentes entonces oficialistas Waldo Wolff y el jefe de gobierno porte\u00f1o Horacio Rodr\u00edguez Larreta.<\/p>\n<p>\u201cEn el marco de la estructura y funcionamiento del sistema implementado para realizar acciones de inteligencia prohibidas, Silvia Majdalani le encomend\u00f3 a Alan Ruiz que se practicaran tareas de espionaje sobre Waldo Wolff. Las tareas efectivamente se llevaron a cabo desde el 24 de septiembre y al menos hasta el 4 de octubre de 2018. Alan Ruiz, alias \u2018Cabeza de f\u00f3sforo\u2019, deriv\u00f3 el cometido de Majdalani, alias \u2018la 8\u2019\u201d.<\/p>\n<p>La participaci\u00f3n directa de Majdalani qued\u00f3 reflejada en el dictamen de casi 200 p\u00e1ginas, en el caso de los Moyano.<\/p>\n<p>\u201cEn referencia a una persona no identificada menciona el primero que \u2018hoy me llam\u00f3 por lo de Camioneros\u2019\u2026Turco le responde \u2018esto le mand\u00f3 la 8\u2019 y le adjunta una captura de pantalla reenviada de una conversaci\u00f3n con el contacto \u2018Silvia Magdalani\u2019\u201d.\u00a0 Si bien no identifican al supuesto interlocutor de Majdalani, debe se\u00f1alarse que Alan Ruiz ten\u00eda registrado el contacto con ese error tipogr\u00e1fico (apellido escrito con g en vez de con j), tal como se desprende de numerosas capturas de pantalla que Ruiz le envi\u00f3 a Araque y quedaron almacenadas en su tel\u00e9fono celular.<\/p>\n<p>\u201cEn este caso se observa tambi\u00e9n el involucramiento de Silvia Majdalani, a quien el propio Ruiz manifiesta haberle \u2018comentado\u2019 sobre el asunto\u201d.<\/p>\n<p>Nieto era una suerte de enlace de todo el grupo, a trav\u00e9s de su relaci\u00f3n con la ex encargada de documentaci\u00f3n presidencial, Susana Martinengo, seg\u00fan describe el dictamen.<\/p>\n<p>Para Martinengo y el ex esp\u00eda Alan Ruiz tambi\u00e9n hay propuesta de llamados a indagatoria.<\/p>\n<p>Sobre Graciela Cama\u00f1o, el espionaje se produjo \u201cal menos desde el mes de mayo de 2018 hasta agosto de ese mismo a\u00f1o. Varios agentes de la AFI instalaron servicio en la residencia de la v\u00edctima, con el prop\u00f3sito de observar y vigilar de manera progresiva sus movimientos, como as\u00ed tambi\u00e9n los de su esposo. Una vez que observaban la presencia de las v\u00edctimas all\u00ed, cuando \u00e9stas se trasladaban, los agentes hac\u00edan un seguimiento de los veh\u00edculos en los que se mov\u00edan para ver cu\u00e1l era su destino\u201d.<\/p>\n<p>Sobre Rodr\u00edguez Larreta, el espionaje \u201cqued\u00f3 registrado en fotograf\u00edas y reportes enviados a los distintos grupos de WhatsApp que integraban los imputados\u201d. El dictamen indica incluso que \u201cuno de los operativos se centr\u00f3 en analizar la relaci\u00f3n existente entre el Jefe de Gobierno\u201d y una funcionaria de la Comuna 9.<\/p>\n<p>\u201cOtro objetivo de los agentes de la AFI consisti\u00f3 en analizar el v\u00ednculo existente entre\u201d el actual jefe porte\u00f1o, \u201cRam\u00f3n Muerza (representante gremial del Sindicato de Empleados de Comercio) y el empresario Alfredo Coto\u201d.<\/p>\n<p>En cuanto al periodista Hugo Alconada Mon, \u00e9l ya sab\u00eda porque un an\u00f3nimo se lo hab\u00eda advertido, que estaba siendo v\u00edctima de espionaje ilegal.<\/p>\n<p>\u201cEl periodista en su declaraci\u00f3n puso en conocimiento de que en fecha 23\/11\/18 recibi\u00f3 en su tel\u00e9fono celular, desde un tel\u00e9fono desconocido, un mensaje de una persona que no reconoce que dijo haber trabajado en la AFI, bajo el mando de Alan Ruiz, en el cual lo alertaba de que le estaban \u2018haciendo inteligencia ilegal\u2019 un agente llamado \u2018Jhonatan\u2019 y otro de nombre Emiliano Matta, que ser\u00eda la \u2018actual mano derecha de Ruiz\u2019\u201d.<\/p>\n<p>El informe abunda en informaci\u00f3n sobre otros casos de espionaje, entre ellos los del juez de la C\u00e1mara Federal, Mart\u00edn Irurzun, y alusiones al presidente de la Corte Suprema, Carlos Rosenkrantz.<\/p>\n<p>Uno de los imputados describi\u00f3 a ese respecto: \u201cPreguntado por la Fiscal\u00eda para que diga en relaci\u00f3n al legajo Irurzun, dijo: Cuando Alan Ruiz dec\u00eda es un pedido del uno, me acuerdo patente fue frente al Hospital Fern\u00e1ndez, se juntan con un hombre que era Secretario del Presidente de la Naci\u00f3n. Se juntan con Rodr\u00edguez Pepin. Ese d\u00eda, en horas de la tarde, \u201cTurco\u201d reenvi\u00f3 a ese grupo una imagen, presuntamente vinculada a un evento de salud que sufriera ese d\u00eda el se\u00f1or Hugo Moyano y que hab\u00eda tomado estado p\u00fablico\u201d.<\/p>\n","protected":false},"excerpt":{"rendered":"<p>Los fiscales Cecilia Incardona y Santiago Eyerabide solicitaron la medida sobre Dar\u00edo Nieto y los ex jefes de la AFI, Gustavo Arribas y Silvia Majdalani, adem\u00e1s de otra veintena de esp\u00edas &nbsp; &nbsp; &nbsp; Los fiscales de la causa por espionaje ilegal realizado durante el gobierno de Cambiemos pidieron la indagatoria del secretario privado del ex presidente Mauricio Macri, Dar\u00edo Nieto, y de la c\u00fapula de la AFI. Se trata de la \u201ccausa grande\u201d de espionaje, que involucra no s\u00f3lo la persecuci\u00f3n contra Cristina Fern\u00e1ndez de Kirchner sino contra otra&#8230;<\/p>\n","protected":false},"author":3,"featured_media":64872,"comment_status":"closed","ping_status":"closed","sticky":false,"template":"","format":"standard","meta":[],"categories":[18],"tags":[],"_links":{"self":[{"href":"https:\/\/www.actualidadadiario.com\/index.php\/wp-json\/wp\/v2\/posts\/65691"}],"collection":[{"href":"https:\/\/www.actualidadadiario.com\/index.php\/wp-json\/wp\/v2\/posts"}],"about":[{"href":"https:\/\/www.actualidadadiario.com\/index.php\/wp-json\/wp\/v2\/types\/post"}],"author":[{"embeddable":true,"href":"https:\/\/www.actualidadadiario.com\/index.php\/wp-json\/wp\/v2\/users\/3"}],"replies":[{"embeddable":true,"href":"https:\/\/www.actualidadadiario.com\/index.php\/wp-json\/wp\/v2\/comments?post=65691"}],"version-history":[{"count":1,"href":"https:\/\/www.actualidadadiario.com\/index.php\/wp-json\/wp\/v2\/posts\/65691\/revisions"}],"predecessor-version":[{"id":65692,"href":"https:\/\/www.actualidadadiario.com\/index.php\/wp-json\/wp\/v2\/posts\/65691\/revisions\/65692"}],"wp:featuredmedia":[{"embeddable":true,"href":"https:\/\/www.actualidadadiario.com\/index.php\/wp-json\/wp\/v2\/media\/64872"}],"wp:attachment":[{"href":"https:\/\/www.actualidadadiario.com\/index.php\/wp-json\/wp\/v2\/media?parent=65691"}],"wp:term":[{"taxonomy":"category","embeddable":true,"href":"https:\/\/www.actualidadadiario.com\/index.php\/wp-json\/wp\/v2\/categories?post=65691"},{"taxonomy":"post_tag","embeddable":true,"href":"https:\/\/www.actualidadadiario.com\/index.php\/wp-json\/wp\/v2\/tags?post=65691"}],"curies":[{"name":"wp","href":"https:\/\/api.w.org\/{rel}","templated":true}]}}