{"id":65689,"date":"2020-08-19T12:05:32","date_gmt":"2020-08-19T15:05:32","guid":{"rendered":"https:\/\/www.actualidadadiario.com\/?p=65689"},"modified":"2020-08-19T12:05:32","modified_gmt":"2020-08-19T15:05:32","slug":"reforma-judicial-el-consejo-de-asesores-convoca-a-los-jueces-de-la-corte","status":"publish","type":"post","link":"https:\/\/www.actualidadadiario.com\/index.php\/2020\/08\/19\/reforma-judicial-el-consejo-de-asesores-convoca-a-los-jueces-de-la-corte\/","title":{"rendered":"Reforma judicial: El consejo de asesores convoca a los jueces de la Corte"},"content":{"rendered":"<p style=\"text-align: center;\"><em><strong>La comisi\u00f3n asesora del Presidente para proponer reformas a la Justicia se reuni\u00f3 por tercera vez y decidi\u00f3 convocar para los pr\u00f3ximos encuentros a los jueces de la Corte Suprema, al procurador interino Eduardo Casal y a miembros del Consejo de la Magistratura, entre otros, para conocer sus opiniones<\/strong><\/em><\/p>\n<p>&nbsp;<\/p>\n<p>&nbsp;<\/p>\n<p>La Comisi\u00f3n Asesora que design\u00f3 Alberto Fern\u00e1ndez para complementar la reforma judicial tuvo su tercera reuni\u00f3n por Zoom y decidi\u00f3 convocar para pr\u00f3ximos encuentros a los jueces y la jueza de la Corte Suprema, al procurador interino Eduardo Casal, a la defensora general de la Naci\u00f3n, a integrantes del Consejo de la Magistratura, a organizaciones no gubernamentales del \u00e1mbito del Derecho y sindicatos para conocer sus pareceres sobre las posibles transformaciones que se analizan en cada uno de los \u00e1mbitos. La invitaci\u00f3n a los supremos, en realidad, los juristas pidieron que la formalice el propio Presidente, m\u00e1s aun teniendo en cuenta que entre todo el abanico de temas y problem\u00e1ticas que analizar\u00e1n una es &#8211;aunque no la \u00fanica ni central&#8211; el n\u00famero de integrantes del m\u00e1ximo tribunal.<\/p>\n<p>El primer encuentro de los expertos fue para cuestiones organizativas pero ya el s\u00e1bado \u00faltimo comenzaron a analizar un tema crucial: \u00bfEst\u00e1 bien que el\/la procurador\/a pueda mantener su cargo hasta los 75 a\u00f1os (como los cortesanos)? \u00bfO deber\u00eda tener un mandato acotado? \u00bfHabr\u00eda que sustituir la exigencia de dos tercios de los votos del Senado por una mayor\u00eda simple para elegir a ese jefe\/a de fiscales y fiscalas? El asunto es m\u00e1s espinoso todav\u00eda teniendo en cuenta que est\u00e1 pendiente la discusi\u00f3n del pliego de Daniel Rafecas, elevado por el Poder Ejecutivo para ocupar ese cargo, pero que hasta ahora no conseguir\u00eda la mayor\u00eda necesaria para ser nombrado, al tiempo que la reforma judicial apunta arraigar el sistema acusatorio, que precisamente dar\u00e1 protagonismo a las fiscal\u00edas, entre otras tantas cosas.<\/p>\n<p>Las posiciones son variadas entre los expertos, aunque no todos han blanqueado frente al resto su postura. Algunos dicen que ya han escrito sobre eso la cuesti\u00f3n del ministerio p\u00fablico, y no tienen problema en explicarlo, como el constitucionalista Andr\u00e9s Gil Dom\u00ednguez, que es partidario de sostener la mayor\u00eda agravada y la duraci\u00f3n en el cargo hasta los 75 a\u00f1os o remoci\u00f3n por juicio pol\u00edtico. Pero dentro del equipo, donde todo es muy cordial al momento de los encuentros remotos, tambi\u00e9n hubo algunos enojos porque se filtraron a ciertos medios, versiones sobre los contenidos de las deliberaciones. Algunos de los juristas no son partidarios de que se conozcan sus deliberaciones. Tampoco es que han discutido demasiado hasta ahora, m\u00e1s bien han armado agenda. Pero, por ejemplo, uno de los trascendidos hablaba que una mayor\u00eda de los miembros est\u00e1 favor de agrandar la Corte Suprema.<\/p>\n<p>En la \u00faltima reuni\u00f3n, este martes, el tema central fue el Ministerio P\u00fablico de la Defensa. Marisa Herra, por ejemplo, explic\u00f3 ante sus pares cuestiones elementales como el dise\u00f1o de la ley, las funciones y la perspectiva de g\u00e9nero. L\u00e9on Arslanian, que tiene una fuerte ascendencia en el equipo, ya hab\u00eda hablado con insistencia tambi\u00e9n de la necesidad de buscar mecanismos para garantizar la representaci\u00f3n equitativa en los cargos, pero sobre todo en relaci\u00f3n con los cargos jer\u00e1rquicos, que es donde suele haber grandes diferencias entre mujeres y varones, algo que a veces est\u00e1 relacionado con criterios utilizados en los concursos. Por ahora la comisi\u00f3n dice estar en una etapa de \u201cdiagn\u00f3stico\u201d.<\/p>\n<p>Habr\u00e1 reuniones, por lo pronto, s\u00e1bados y martes. La semana pr\u00f3xima est\u00e1n convocados el procurador interino, Eduardo Casal, y la defensora general Stella Maris Mart\u00ednez. Quieren escuchar las posturas de ellos respecto de los \u00edtems en discusi\u00f3n. No s\u00f3lo los mecanismos de selecci\u00f3n, remoci\u00f3n y duraci\u00f3n en el cargo. Tambi\u00e9n est\u00e1 en debate la idea de incorporar a la estructura del Ministerio P\u00fablico a la Oficina Anticorrupci\u00f3n y la Unidad de Informaci\u00f3n Financiera, que hoy est\u00e1n bajo la \u00f3rbita del Ejecutivo, aunque la primera gan\u00f3 autonom\u00eda. Sobre la Defensa p\u00fablica, la clave de an\u00e1lisis es c\u00f3mo ampliarla y tambi\u00e9n reforzar la perspectiva de g\u00e9nero.<\/p>\n<p>Como la invitaci\u00f3n a la Corte a participar a\u00fan no se concret\u00f3, en el tribunal los supremos esquivan responder si asistir\u00e1n o no. Hasta ahora hab\u00edan dejado trascender malestar por no haber sido convocados con anterioridad para dar su opini\u00f3n. No cae nada bien la posibilidad de una ampliaci\u00f3n entre la mayor\u00eda de los supremos, pero no ven con malos ojos mecanismos para agilizar el trabajo y revisar cuestiones, por ejemplo, acerca del recurso extraordinario. La tarea de invitarlos qued\u00f3 en manos de Alberto Fern\u00e1ndez. Habr\u00e1 que ver si aceptan, o si siguen destilando broncas a trav\u00e9s de fallos u otras decisiones.<\/p>\n","protected":false},"excerpt":{"rendered":"<p>La comisi\u00f3n asesora del Presidente para proponer reformas a la Justicia se reuni\u00f3 por tercera vez y decidi\u00f3 convocar para los pr\u00f3ximos encuentros a los jueces de la Corte Suprema, al procurador interino Eduardo Casal y a miembros del Consejo de la Magistratura, entre otros, para conocer sus opiniones &nbsp; &nbsp; La Comisi\u00f3n Asesora que design\u00f3 Alberto Fern\u00e1ndez para complementar la reforma judicial tuvo su tercera reuni\u00f3n por Zoom y decidi\u00f3 convocar para pr\u00f3ximos encuentros a los jueces y la jueza de la Corte Suprema, al procurador interino Eduardo Casal,&#8230;<\/p>\n","protected":false},"author":3,"featured_media":62372,"comment_status":"closed","ping_status":"closed","sticky":false,"template":"","format":"standard","meta":[],"categories":[9],"tags":[],"_links":{"self":[{"href":"https:\/\/www.actualidadadiario.com\/index.php\/wp-json\/wp\/v2\/posts\/65689"}],"collection":[{"href":"https:\/\/www.actualidadadiario.com\/index.php\/wp-json\/wp\/v2\/posts"}],"about":[{"href":"https:\/\/www.actualidadadiario.com\/index.php\/wp-json\/wp\/v2\/types\/post"}],"author":[{"embeddable":true,"href":"https:\/\/www.actualidadadiario.com\/index.php\/wp-json\/wp\/v2\/users\/3"}],"replies":[{"embeddable":true,"href":"https:\/\/www.actualidadadiario.com\/index.php\/wp-json\/wp\/v2\/comments?post=65689"}],"version-history":[{"count":1,"href":"https:\/\/www.actualidadadiario.com\/index.php\/wp-json\/wp\/v2\/posts\/65689\/revisions"}],"predecessor-version":[{"id":65690,"href":"https:\/\/www.actualidadadiario.com\/index.php\/wp-json\/wp\/v2\/posts\/65689\/revisions\/65690"}],"wp:featuredmedia":[{"embeddable":true,"href":"https:\/\/www.actualidadadiario.com\/index.php\/wp-json\/wp\/v2\/media\/62372"}],"wp:attachment":[{"href":"https:\/\/www.actualidadadiario.com\/index.php\/wp-json\/wp\/v2\/media?parent=65689"}],"wp:term":[{"taxonomy":"category","embeddable":true,"href":"https:\/\/www.actualidadadiario.com\/index.php\/wp-json\/wp\/v2\/categories?post=65689"},{"taxonomy":"post_tag","embeddable":true,"href":"https:\/\/www.actualidadadiario.com\/index.php\/wp-json\/wp\/v2\/tags?post=65689"}],"curies":[{"name":"wp","href":"https:\/\/api.w.org\/{rel}","templated":true}]}}