{"id":65662,"date":"2020-08-19T11:56:33","date_gmt":"2020-08-19T14:56:33","guid":{"rendered":"https:\/\/www.actualidadadiario.com\/?p=65662"},"modified":"2020-08-19T11:56:33","modified_gmt":"2020-08-19T14:56:33","slug":"preocupa-la-escasez-de-recambio-para-reemplazar-al-personal-sanitario-contagiado","status":"publish","type":"post","link":"https:\/\/www.actualidadadiario.com\/index.php\/2020\/08\/19\/preocupa-la-escasez-de-recambio-para-reemplazar-al-personal-sanitario-contagiado\/","title":{"rendered":"Preocupa la escasez de recambio para reemplazar al personal sanitario contagiado"},"content":{"rendered":"<p style=\"text-align: center;\"><em><strong>El crecimiento de casos de Covid-19 tambi\u00e9n se ha reflejado en el aumento de contagiados que hay en el personal de enfermer\u00eda y en los equipos m\u00e9dicos de hospitales y cl\u00ednicas. Cuando aparece un caso hay que aislar a otros tantos y eso genera que haya \u201cescaso recambio\u201d en el personal, dijeron desde Acler<\/strong><\/em><\/p>\n<p>&nbsp;<\/p>\n<p>&nbsp;<\/p>\n<p>\u201cHay personal sanitario que se ha contagiado. Esto ocurre en todo el pa\u00eds, tanto en hospitales como en cl\u00ednicas. Ha habido contagios de m\u00e9dicos y enfermeras, sobre todos en aquellas instituciones que tienen m\u00e1s complejidad y mayor cantidad de pacientes\u201d, indic\u00f3 V\u00edctor Lozze, de la Asociaci\u00f3n de Cl\u00ednicas y Sanatorios de Entre R\u00edos.<\/p>\n<p>El hecho de que se detecte un caso positivo implica la necesidad de aislar por varios d\u00edas a otros tantos, por lo que hay un \u201cescaso recambio\u201d entre el personal.<\/p>\n<p>Sobre el nivel de camas ocupadas en las cl\u00ednicas entrerrianas, dijo que hasta hace unos pocos d\u00edas hab\u00eda un promedio del 50% y resalt\u00f3 que \u201clas patolog\u00edas comunes han disminuido porque los chicos no van a la escuela y tampoco ha hecho tanto frio en este invierno\u201d.<\/p>\n<p>Finalmente destac\u00f3 el trabajo articulado que se vienen haciendo con los efectores p\u00fablicos y el Ministerio de Salud.<\/p>\n","protected":false},"excerpt":{"rendered":"<p>El crecimiento de casos de Covid-19 tambi\u00e9n se ha reflejado en el aumento de contagiados que hay en el personal de enfermer\u00eda y en los equipos m\u00e9dicos de hospitales y cl\u00ednicas. Cuando aparece un caso hay que aislar a otros tantos y eso genera que haya \u201cescaso recambio\u201d en el personal, dijeron desde Acler &nbsp; &nbsp; \u201cHay personal sanitario que se ha contagiado. Esto ocurre en todo el pa\u00eds, tanto en hospitales como en cl\u00ednicas. Ha habido contagios de m\u00e9dicos y enfermeras, sobre todos en aquellas instituciones que tienen m\u00e1s&#8230;<\/p>\n","protected":false},"author":3,"featured_media":60902,"comment_status":"closed","ping_status":"closed","sticky":false,"template":"","format":"standard","meta":[],"categories":[15],"tags":[],"_links":{"self":[{"href":"https:\/\/www.actualidadadiario.com\/index.php\/wp-json\/wp\/v2\/posts\/65662"}],"collection":[{"href":"https:\/\/www.actualidadadiario.com\/index.php\/wp-json\/wp\/v2\/posts"}],"about":[{"href":"https:\/\/www.actualidadadiario.com\/index.php\/wp-json\/wp\/v2\/types\/post"}],"author":[{"embeddable":true,"href":"https:\/\/www.actualidadadiario.com\/index.php\/wp-json\/wp\/v2\/users\/3"}],"replies":[{"embeddable":true,"href":"https:\/\/www.actualidadadiario.com\/index.php\/wp-json\/wp\/v2\/comments?post=65662"}],"version-history":[{"count":1,"href":"https:\/\/www.actualidadadiario.com\/index.php\/wp-json\/wp\/v2\/posts\/65662\/revisions"}],"predecessor-version":[{"id":65663,"href":"https:\/\/www.actualidadadiario.com\/index.php\/wp-json\/wp\/v2\/posts\/65662\/revisions\/65663"}],"wp:featuredmedia":[{"embeddable":true,"href":"https:\/\/www.actualidadadiario.com\/index.php\/wp-json\/wp\/v2\/media\/60902"}],"wp:attachment":[{"href":"https:\/\/www.actualidadadiario.com\/index.php\/wp-json\/wp\/v2\/media?parent=65662"}],"wp:term":[{"taxonomy":"category","embeddable":true,"href":"https:\/\/www.actualidadadiario.com\/index.php\/wp-json\/wp\/v2\/categories?post=65662"},{"taxonomy":"post_tag","embeddable":true,"href":"https:\/\/www.actualidadadiario.com\/index.php\/wp-json\/wp\/v2\/tags?post=65662"}],"curies":[{"name":"wp","href":"https:\/\/api.w.org\/{rel}","templated":true}]}}