{"id":65659,"date":"2020-08-19T11:55:52","date_gmt":"2020-08-19T14:55:52","guid":{"rendered":"https:\/\/www.actualidadadiario.com\/?p=65659"},"modified":"2020-08-19T11:55:52","modified_gmt":"2020-08-19T14:55:52","slug":"continua-hasta-fin-de-agosto-la-excepcion-a-las-personas-de-riesgo-de-asistir-a-trabajar","status":"publish","type":"post","link":"https:\/\/www.actualidadadiario.com\/index.php\/2020\/08\/19\/continua-hasta-fin-de-agosto-la-excepcion-a-las-personas-de-riesgo-de-asistir-a-trabajar\/","title":{"rendered":"Contin\u00faa hasta fin de agosto la excepci\u00f3n a las personas de riesgo de asistir a trabajar"},"content":{"rendered":"<p style=\"text-align: center;\"><em><strong>A trav\u00e9s del Decreto N\u00ba 1275, el gobernador Gustavo Bordet dispens\u00f3 desde el 17 y hasta el 30 de agosto inclusive de la asistencia a sus lugares de trabajo en la Administraci\u00f3n P\u00fablica Provincial Centralizada a las personas de 60 o m\u00e1s a\u00f1os y a los que poseen factores de riesgo<\/strong><\/em><\/p>\n<p>&nbsp;<\/p>\n<p>&nbsp;<\/p>\n<p>La medida rige en todos los departamentos de la provincia; y quedan exceptuados el personal declarado esencial o los afectados a actividades cr\u00edticas o de prestaci\u00f3n de servicios indispensables. La dispensa concedida se computar\u00e1 como tiempo de servicio.<\/p>\n<p>De esta manera, la percepci\u00f3n de haberes ser\u00e1 integra y se establece que los responsables de cada jurisdicci\u00f3n deben determinar las condiciones y pautas para la realizaci\u00f3n de tareas habituales o an\u00e1logas que los agentes puedan desarrollar en forma remota. Asimismo, se estableci\u00f3 un aumento del Adicional por Riesgo para los agentes que se encuentren al frente de la atenci\u00f3n sanitaria, y se incrementaron las Becas de Residentes en Salud.<\/p>\n<p>Adem\u00e1s, se dispuso para el personal activo de la Polic\u00eda de la provincia afectado a atender el aislamiento social, preventivo y obligatorio, incluyendo al personal de la Direcci\u00f3n General del Servicio Penitenciario con desempe\u00f1o de funciones en los establecimientos carcelarios de la provincia, una bonificaci\u00f3n de car\u00e1cter excepcional, en consideraci\u00f3n a la exposici\u00f3n al riesgo de contagio.<\/p>\n<p>Tambi\u00e9n, otorg\u00f3 una bonificaci\u00f3n para el personal de la Direcci\u00f3n de Comedores del Ministerio de Desarrollo Social; al personal con prestaci\u00f3n de servicios en los Hogares dedicados al cuidado y protecci\u00f3n de mujeres en situaci\u00f3n de violencia y de adultos mayores incluyendo adem\u00e1s al personal del Consejo Provincial del Ni\u00f1o, el Adolescente y la Familia con desempe\u00f1o de funciones en las residencias de su dependencia y guardias de Coordinaciones Departamentales con prestaci\u00f3n de servicios presencial e ininterrumpida.<\/p>\n<p>&nbsp;<\/p>\n<p><strong>Distanciamiento social, preventivo y obligatorio<\/strong><\/p>\n<p>La norma toma como referencia el DNU 677\/20 del Poder Ejecutivo Nacional, que determina un nuevo marco normativo para las zonas donde regir\u00e1 el Distanciamiento Social, Preventivo y Obligatorio y el Aislamiento Social, Preventivo y Obligatorio.<\/p>\n<p>De acuerdo al art\u00edculo 3 de ese decreto de necesidad y urgencia, la totalidad de los departamentos de la provincia de Entre R\u00edos se encuentran comprendidos en las medidas de Distanciamiento Social, Preventivo y Obligatorio. En ese marco, desde el gobierno provincial se adoptaron y articularon diversas medidas urgentes y coordinadas, para afrontar y mitigar la propagaci\u00f3n del virus.<\/p>\n<p>&nbsp;<\/p>\n<p><strong>Profundizaci\u00f3n de las tareas de asistencia<\/strong><\/p>\n<p>A nivel provincial los servicios del primer y segundo nivel de atenci\u00f3n del Ministerio de Salud, han profundizado sus tareas de asistencia, monitoreo y contenci\u00f3n de la poblaci\u00f3n m\u00e1s vulnerable en el contexto de la pandemia por Coronavirus, implementando una estrategia de protecci\u00f3n de la poblaci\u00f3n de riesgo mediante un abordaje coordinado entre los 195 efectores de la red p\u00fablica, incluidos hospitales de baja complejidad y centros de salud, que han reforzado sus tareas de nominalizaci\u00f3n y geolocalizaci\u00f3n de la poblaci\u00f3n a cargo.<\/p>\n<p>De este modo, se alcanz\u00f3 a 100.000 personas de riesgo sin cobertura de obra social, posibilitando adem\u00e1s el registro de prestaciones y la promoci\u00f3n del autocuidado.<\/p>\n<p>&nbsp;<\/p>\n<p><strong>Circulaci\u00f3n comunitaria en Paran\u00e1<\/strong><\/p>\n<p>Particularmente, en la ciudad de Paran\u00e1 ha habido un incremento de casos positivos de Covid -19, por lo que la autoridad Sanitaria la ha encuadrado como transmisi\u00f3n comunitaria sostenida.<\/p>\n<p>Esta situaci\u00f3n es encarada por profesionales de centros de atenci\u00f3n primaria de salud quienes participan activamente en operativos sanitarios en barrios de la ciudad mediante la ejecuci\u00f3n del Dispositivo Estrat\u00e9gico de Testeo para Coronavirus en Territorio de Argentina (plan Detectar).<\/p>\n<p>En ese marco, se visitaron m\u00e1s de 2.300 domicilios con intervenci\u00f3n del Programa Agentes Sanitarios y personal de los Centros de Atenci\u00f3n Primaria de la Salud, con el fin de cortar la cadena de contagios que se pueda presentar y evitar posibles brotes y mayores controles en espacios p\u00fablicos, entre otras medidas.<\/p>\n<p>Por \u00faltimo, y a fin de minimizar la circulaci\u00f3n del virus SARS-CoV-2, se dispens\u00f3 de la asistencia a sus lugares de trabajo al personal con prestaci\u00f3n de servicios en la Administraci\u00f3n P\u00fablica Central de la ciudad de Paran\u00e1 con excepci\u00f3n del personal cr\u00edtico y\/o esencial, medida que contin\u00faa en vigencia.<\/p>\n","protected":false},"excerpt":{"rendered":"<p>A trav\u00e9s del Decreto N\u00ba 1275, el gobernador Gustavo Bordet dispens\u00f3 desde el 17 y hasta el 30 de agosto inclusive de la asistencia a sus lugares de trabajo en la Administraci\u00f3n P\u00fablica Provincial Centralizada a las personas de 60 o m\u00e1s a\u00f1os y a los que poseen factores de riesgo &nbsp; &nbsp; La medida rige en todos los departamentos de la provincia; y quedan exceptuados el personal declarado esencial o los afectados a actividades cr\u00edticas o de prestaci\u00f3n de servicios indispensables. La dispensa concedida se computar\u00e1 como tiempo de&#8230;<\/p>\n","protected":false},"author":3,"featured_media":65660,"comment_status":"closed","ping_status":"closed","sticky":false,"template":"","format":"standard","meta":[],"categories":[15],"tags":[],"_links":{"self":[{"href":"https:\/\/www.actualidadadiario.com\/index.php\/wp-json\/wp\/v2\/posts\/65659"}],"collection":[{"href":"https:\/\/www.actualidadadiario.com\/index.php\/wp-json\/wp\/v2\/posts"}],"about":[{"href":"https:\/\/www.actualidadadiario.com\/index.php\/wp-json\/wp\/v2\/types\/post"}],"author":[{"embeddable":true,"href":"https:\/\/www.actualidadadiario.com\/index.php\/wp-json\/wp\/v2\/users\/3"}],"replies":[{"embeddable":true,"href":"https:\/\/www.actualidadadiario.com\/index.php\/wp-json\/wp\/v2\/comments?post=65659"}],"version-history":[{"count":1,"href":"https:\/\/www.actualidadadiario.com\/index.php\/wp-json\/wp\/v2\/posts\/65659\/revisions"}],"predecessor-version":[{"id":65661,"href":"https:\/\/www.actualidadadiario.com\/index.php\/wp-json\/wp\/v2\/posts\/65659\/revisions\/65661"}],"wp:featuredmedia":[{"embeddable":true,"href":"https:\/\/www.actualidadadiario.com\/index.php\/wp-json\/wp\/v2\/media\/65660"}],"wp:attachment":[{"href":"https:\/\/www.actualidadadiario.com\/index.php\/wp-json\/wp\/v2\/media?parent=65659"}],"wp:term":[{"taxonomy":"category","embeddable":true,"href":"https:\/\/www.actualidadadiario.com\/index.php\/wp-json\/wp\/v2\/categories?post=65659"},{"taxonomy":"post_tag","embeddable":true,"href":"https:\/\/www.actualidadadiario.com\/index.php\/wp-json\/wp\/v2\/tags?post=65659"}],"curies":[{"name":"wp","href":"https:\/\/api.w.org\/{rel}","templated":true}]}}