{"id":65656,"date":"2020-08-19T11:55:05","date_gmt":"2020-08-19T14:55:05","guid":{"rendered":"https:\/\/www.actualidadadiario.com\/?p=65656"},"modified":"2020-08-19T11:55:05","modified_gmt":"2020-08-19T14:55:05","slug":"desarrollo-social-y-unicef-capacitan-a-mas-de-300-trabajadores-de-centros-de-primera-infancia","status":"publish","type":"post","link":"https:\/\/www.actualidadadiario.com\/index.php\/2020\/08\/19\/desarrollo-social-y-unicef-capacitan-a-mas-de-300-trabajadores-de-centros-de-primera-infancia\/","title":{"rendered":"Desarrollo Social y UNICEF capacitan a m\u00e1s de 300 trabajadores de centros de primera infancia"},"content":{"rendered":"<p style=\"text-align: center;\"><em><strong>En el marco de trabajo que la provincia lleva adelante en materia de pol\u00edticas p\u00fablicas para la Primera Infancia con UNICEF Argentina, comenz\u00f3 a implementarse el Plan de Formaci\u00f3n y Fortalecimiento destinado a espacios de cuidado y educaci\u00f3n<\/strong><\/em><\/p>\n<p>&nbsp;<\/p>\n<p>&nbsp;<\/p>\n<p>La ministra de Desarrollo Social, Marisa Paira, comparti\u00f3 con el especialista en Inclusi\u00f3n Social y monitoreo de UNICEF Argentina, Sebasti\u00e1n Waisgrais, la apertura del m\u00f3dulo introductorio que estuvo a cargo del consultor en Pol\u00edticas P\u00fablicas de Primera Infancia del organismo internacional, Javier Quesada.<\/p>\n<p>En la reuni\u00f3n virtual tambi\u00e9n estuvieron presentes el presidente del Consejo Provincial del Ni\u00f1o, el Adolescente y la Familia (Copnaf), Gabriel Leconte, y la subsecretaria de Desarrollo Humano y Pol\u00edticas de Cuidado, Muriel Stablun junto a promotores y promotoras de espacios de cuidado de municipios, comunas y juntas de gobierno.<\/p>\n<p>\u201cAgradezco a UNICEF por el acompa\u00f1amiento e impulso que viene dando en el trabajo de las pol\u00edticas de primera infancia en Entre R\u00edos. Este es un momento para celebrar porque promotores y promotoras de toda la provincia comparten un espacio de formaci\u00f3n, lo que es parte de los objetivos del Plan\u201d, manifest\u00f3 la ministra.<\/p>\n<p>\u201cCuando pensamos este Plan de Formaci\u00f3n y Fortalecimiento en forma conjunta con UNICEF para fortalecer el eje de primera infancia, una de las prioridades era acompa\u00f1ar a aquellos que tienen a cargo el cuidado cotidiano de ni\u00f1os y ni\u00f1as como promotores y promotoras \u2014ahond\u00f3 Paira\u2014.<\/p>\n<p>En este sentido nos parec\u00eda fundamental aportar reflexiones en torno al contexto de pandemia, y poder pensar juntos la pol\u00edtica p\u00fablica en primera infancia para el despu\u00e9s de esta situaci\u00f3n sanitaria\u201d.<\/p>\n<p>A su vez, la ministra se\u00f1al\u00f3: \u201cEsta propuesta es parte del Plan de Trabajo que nuestro gobernador Gustavo Bordet firm\u00f3 con la representante de UNICEF Argentina, Luisa Brumana para el fortalecimiento de la Mesa Provincial de Primera Infancia, en la cual los ministerios y secretar\u00edas del Estado entrerriano, el Copnaf y el Consejo General de Educaci\u00f3n aunamos criterios para desarrollar una pol\u00edtica integradora, que es la que se vivencia y pone en acto en el territorio\u201d.<\/p>\n<p>\u201cEl mejor modo de garantizar la accesibilidad a los derechos de nuestras ni\u00f1as y ni\u00f1os m\u00e1s peque\u00f1os es trabajando con quienes los cuidan. En esto radica la necesidad de estos espacios para poder brindar un cuidado de calidad, que acompa\u00f1e a la familia y a la comunidad en el proceso de formaci\u00f3n en sus primeros a\u00f1os\u201d, redonde\u00f3 la ministra.<\/p>\n<p>&nbsp;<\/p>\n<p><strong>La importancia de la formaci\u00f3n<\/strong><\/p>\n<p>\u201cHay un compromiso importante de la provincia, asumido en este trabajo, para avanzar en una estrategia integral e intersectorial\u201d, destac\u00f3 Sebasti\u00e1n Waisgrais, quien reafirm\u00f3: \u201cPara UNICEF la primera infancia es una prioridad y es fundamental en el trabajo cotidiano por la centralidad que tiene esta etapa en la vida de los ni\u00f1os y las ni\u00f1as\u201d.<\/p>\n<p>En ese sentido, explic\u00f3: \u201cEs una etapa potencial de desarrollo muy fuerte si se cuenta con un entorno favorecedor que lo permita, y tambi\u00e9n es un per\u00edodo sensible a diferentes vulnerabilidades. Por lo cual, lo que estamos iniciando es un Plan de Formaci\u00f3n para fortalecer el trabajo que se realiza en los espacios de cuidado de Entre R\u00edos\u201d.<\/p>\n<p>Esta capacitaci\u00f3n forma parte del Plan de Trabajo 2020-2021 rubricado por parte de la provincia y el organismo internacional, en el marco del Fondo Conjunto de Objetivos de Desarrollo Sostenible (ODS).<\/p>\n<p>Por su parte, el presidente del Consejo Provincial del Ni\u00f1o, el Adolescente y la Familia (Copnaf), Gabriel Leconte, remarc\u00f3: \u201cEs importante que se haya constituido la mesa de Primera Infancia en la provincia, que nos permita avanzar en el dise\u00f1o de pol\u00edticas p\u00fablicas considerando el cuidado integral de los ni\u00f1os y ni\u00f1as de 45 d\u00edas a tres a\u00f1os\u201d.<\/p>\n<p>Al m\u00f3dulo introductorio de hoy le seguir\u00e1n cuatro encuentros en los que el equipo de UNICEF abordar\u00e1 los ejes de an\u00e1lisis de contexto y las situaciones familiares que transitan ni\u00f1as y ni\u00f1os; factores protectores y factores de riesgo; la situaci\u00f3n actual de la primera infancia y posibles abordajes desde los centros de cuidado infantil; y las experiencias de cada territorio; entre otros.<\/p>\n","protected":false},"excerpt":{"rendered":"<p>En el marco de trabajo que la provincia lleva adelante en materia de pol\u00edticas p\u00fablicas para la Primera Infancia con UNICEF Argentina, comenz\u00f3 a implementarse el Plan de Formaci\u00f3n y Fortalecimiento destinado a espacios de cuidado y educaci\u00f3n &nbsp; &nbsp; La ministra de Desarrollo Social, Marisa Paira, comparti\u00f3 con el especialista en Inclusi\u00f3n Social y monitoreo de UNICEF Argentina, Sebasti\u00e1n Waisgrais, la apertura del m\u00f3dulo introductorio que estuvo a cargo del consultor en Pol\u00edticas P\u00fablicas de Primera Infancia del organismo internacional, Javier Quesada. En la reuni\u00f3n virtual tambi\u00e9n estuvieron presentes&#8230;<\/p>\n","protected":false},"author":3,"featured_media":65657,"comment_status":"closed","ping_status":"closed","sticky":false,"template":"","format":"standard","meta":[],"categories":[15],"tags":[],"_links":{"self":[{"href":"https:\/\/www.actualidadadiario.com\/index.php\/wp-json\/wp\/v2\/posts\/65656"}],"collection":[{"href":"https:\/\/www.actualidadadiario.com\/index.php\/wp-json\/wp\/v2\/posts"}],"about":[{"href":"https:\/\/www.actualidadadiario.com\/index.php\/wp-json\/wp\/v2\/types\/post"}],"author":[{"embeddable":true,"href":"https:\/\/www.actualidadadiario.com\/index.php\/wp-json\/wp\/v2\/users\/3"}],"replies":[{"embeddable":true,"href":"https:\/\/www.actualidadadiario.com\/index.php\/wp-json\/wp\/v2\/comments?post=65656"}],"version-history":[{"count":1,"href":"https:\/\/www.actualidadadiario.com\/index.php\/wp-json\/wp\/v2\/posts\/65656\/revisions"}],"predecessor-version":[{"id":65658,"href":"https:\/\/www.actualidadadiario.com\/index.php\/wp-json\/wp\/v2\/posts\/65656\/revisions\/65658"}],"wp:featuredmedia":[{"embeddable":true,"href":"https:\/\/www.actualidadadiario.com\/index.php\/wp-json\/wp\/v2\/media\/65657"}],"wp:attachment":[{"href":"https:\/\/www.actualidadadiario.com\/index.php\/wp-json\/wp\/v2\/media?parent=65656"}],"wp:term":[{"taxonomy":"category","embeddable":true,"href":"https:\/\/www.actualidadadiario.com\/index.php\/wp-json\/wp\/v2\/categories?post=65656"},{"taxonomy":"post_tag","embeddable":true,"href":"https:\/\/www.actualidadadiario.com\/index.php\/wp-json\/wp\/v2\/tags?post=65656"}],"curies":[{"name":"wp","href":"https:\/\/api.w.org\/{rel}","templated":true}]}}