{"id":65653,"date":"2020-08-19T11:54:17","date_gmt":"2020-08-19T14:54:17","guid":{"rendered":"https:\/\/www.actualidadadiario.com\/?p=65653"},"modified":"2020-08-19T11:54:17","modified_gmt":"2020-08-19T14:54:17","slug":"definen-como-historica-la-participacion-entrerriana-en-la-administracion-de-la-hidrovia-parana-paraguay","status":"publish","type":"post","link":"https:\/\/www.actualidadadiario.com\/index.php\/2020\/08\/19\/definen-como-historica-la-participacion-entrerriana-en-la-administracion-de-la-hidrovia-parana-paraguay\/","title":{"rendered":"Definen como &#8220;hist\u00f3rica&#8221; la participaci\u00f3n entrerriana en la administraci\u00f3n de la hidrov\u00eda Paran\u00e1-Paraguay"},"content":{"rendered":"<p style=\"text-align: center;\"><em><strong>El fiscal de Estado, Julio Rodr\u00edguez Signes, calific\u00f3 como \u201cun hecho hist\u00f3rico\u201d la inminente participaci\u00f3n de las provincias, entre ellas Entre R\u00edos, en el comit\u00e9 de administraci\u00f3n de la hidrov\u00eda Paran\u00e1-Paraguay y la integraci\u00f3n de una Sociedad del Estado que lanzar\u00e1 pr\u00f3ximamente Naci\u00f3n<\/strong><\/em><\/p>\n<p>&nbsp;<\/p>\n<p>&nbsp;<\/p>\n<p>&nbsp;<\/p>\n<p>De este modo se refiri\u00f3 al pr\u00f3ximo lanzamiento por parte del presidente de la Naci\u00f3n, Alberto Fern\u00e1ndez, de un Pacto Federal de la Hidrov\u00eda, que sentar\u00e1 las bases para la creaci\u00f3n de una nueva empresa estatal, Hidrov\u00edas Sociedad del Estado, donde la Naci\u00f3n tendr\u00eda el 51 por ciento de las acciones y las provincia de Buenos Aires, Entre R\u00edos, Santa Fe, Corrientes, Chaco, Misiones y Formosa, el 49 por ciento restante.<\/p>\n<p>El funcionario entrerriano destac\u00f3 que &#8220;esto es una excelente noticia para la provincia y representa la concreci\u00f3n de lo que el presidente Alberto Fern\u00e1ndez anunci\u00f3 en oportunidad de asumir el gobernador Gustavo Bordet en diciembre del 2019; y tambi\u00e9n en la provincia de Santa Fe, cuando asumi\u00f3 el gobernador Omar Perotti&#8221;.<\/p>\n<p>El fiscal coment\u00f3 que &#8220;nosotros planteamos que la hidrov\u00eda recorre Buenos Aires, Entre R\u00edos, Santa Fe, Corrientes, Chaco, Misiones y Formosa, y sin embargo en el contrato las provincias no participan, a pesar de que la hidrov\u00eda es un recurso fundamental para el desarrollo econ\u00f3mico de toda la regi\u00f3n&#8221;. Adem\u00e1s, fundament\u00f3 que &#8220;a partir de la reforma de la Constituci\u00f3n de 1994, los r\u00edos son recursos naturales y forman parte del dominio originario de las provincias, de manera que \u00e9stas no pod\u00edan estar excluidas del contrato de concesi\u00f3n&#8221;.<\/p>\n<p>Rodr\u00edguez Signes se\u00f1al\u00f3 que &#8220;una cuesti\u00f3n importante para la provincializaci\u00f3n de la hidrov\u00eda fue la designaci\u00f3n de un entrerriano al frente de la subsecretar\u00eda de Puertos y V\u00edas Navegables, como es Leonardo Cabrera; y ahora este anuncio del ministro de Transporte de la Naci\u00f3n de la conformaci\u00f3n del Consejo Asesor y de la Sociedad del Estado&#8221;.<\/p>\n<p>Explic\u00f3 que &#8220;el Consejo Asesor estar\u00eda formado por el Estado nacional y distintas provincias, todas integrantes de la hidrov\u00eda, para obrar como asesoras en materia de hidrov\u00eda; y la Sociedad del Estado ser\u00eda la encargada de fiscalizar el pr\u00f3ximo contrato de concesi\u00f3n&#8221;.<\/p>\n<p>Hizo notar que &#8220;la hidrov\u00eda es una ruta para embarcaciones, por donde transita la mayor parte de las exportaciones del pa\u00eds, el total del comercio exterior del Paraguay y gran parte del Bolivia y del sur del Brasil. Es una ruta que hay que dragarla permanentemente para mantener una profundidad por la que puedan navegar. A ese dragado lo hace una empresa concesionaria, en este caso Hirdov\u00eda S.A., cuyo contrato vence en mayo del a\u00f1o pr\u00f3ximo, pero el Estado nacional lo est\u00e1 prorrogando por un tiempo m\u00e1s, hasta que se pueda convocar la nueva licitaci\u00f3n p\u00fablica, donde las provincias, a trav\u00e9s de esta Sociedad del Estado, van a administrar ese contrato y van a controlar que se haga como corresponde&#8221;.<\/p>\n<p>&#8220;Para la provincia de Entre R\u00edos es fundamental, porque se trata de conectar los puertos entrerrianos a la hidrov\u00eda, por lo menos los puertos de Diamante y de Ibicuy, de manera de aprovecharla al m\u00e1ximo y que nuestra producci\u00f3n pueda salir desde puertos entrerrianos, que es nuestro \u00faltimo objetivo&#8221;, subray\u00f3.<\/p>\n<p>En cuanto a la nueva la Sociedad del Estado confirm\u00f3 que \u201cestar\u00eda integrada en un 51 por ciento por la Naci\u00f3n y el 49 por ciento por las provincias que forman parte de la Hidrov\u00eda, pero lo importante m\u00e1s all\u00e1 de la composici\u00f3n accionaria, que es razonable, es que esto es un hecho hist\u00f3rico, ya que por primera vez las provincias, en particular Entre R\u00edos, participar\u00e1n de la administraci\u00f3n de la hidrov\u00eda&#8221;.<\/p>\n<p>\u201cHasta ahora en la hidrov\u00eda, que se constituy\u00f3 en los a\u00f1os 92-93, no hemos tenido ninguna participaci\u00f3n; despu\u00e9s de m\u00e1s de 25 a\u00f1os ser\u00eda la oportunidad de que la provincia de Entre R\u00edos integre el Comit\u00e9 de Hidrov\u00eda\u201d, enfatiz\u00f3.<\/p>\n<p>Finalmente, se\u00f1al\u00f3 que el anuncio por parte de la Naci\u00f3n es inminente y \u201centendemos que en los pr\u00f3ximos 60 d\u00edas se va hacer la invitaci\u00f3n a la firma el tratado de hidrov\u00eda entre las provincias que adhieran, y Entre R\u00edos est\u00e1 a la expectativa de esa convocatoria\u201d.<\/p>\n","protected":false},"excerpt":{"rendered":"<p>El fiscal de Estado, Julio Rodr\u00edguez Signes, calific\u00f3 como \u201cun hecho hist\u00f3rico\u201d la inminente participaci\u00f3n de las provincias, entre ellas Entre R\u00edos, en el comit\u00e9 de administraci\u00f3n de la hidrov\u00eda Paran\u00e1-Paraguay y la integraci\u00f3n de una Sociedad del Estado que lanzar\u00e1 pr\u00f3ximamente Naci\u00f3n &nbsp; &nbsp; &nbsp; De este modo se refiri\u00f3 al pr\u00f3ximo lanzamiento por parte del presidente de la Naci\u00f3n, Alberto Fern\u00e1ndez, de un Pacto Federal de la Hidrov\u00eda, que sentar\u00e1 las bases para la creaci\u00f3n de una nueva empresa estatal, Hidrov\u00edas Sociedad del Estado, donde la Naci\u00f3n tendr\u00eda&#8230;<\/p>\n","protected":false},"author":3,"featured_media":65654,"comment_status":"closed","ping_status":"closed","sticky":false,"template":"","format":"standard","meta":[],"categories":[15],"tags":[],"_links":{"self":[{"href":"https:\/\/www.actualidadadiario.com\/index.php\/wp-json\/wp\/v2\/posts\/65653"}],"collection":[{"href":"https:\/\/www.actualidadadiario.com\/index.php\/wp-json\/wp\/v2\/posts"}],"about":[{"href":"https:\/\/www.actualidadadiario.com\/index.php\/wp-json\/wp\/v2\/types\/post"}],"author":[{"embeddable":true,"href":"https:\/\/www.actualidadadiario.com\/index.php\/wp-json\/wp\/v2\/users\/3"}],"replies":[{"embeddable":true,"href":"https:\/\/www.actualidadadiario.com\/index.php\/wp-json\/wp\/v2\/comments?post=65653"}],"version-history":[{"count":1,"href":"https:\/\/www.actualidadadiario.com\/index.php\/wp-json\/wp\/v2\/posts\/65653\/revisions"}],"predecessor-version":[{"id":65655,"href":"https:\/\/www.actualidadadiario.com\/index.php\/wp-json\/wp\/v2\/posts\/65653\/revisions\/65655"}],"wp:featuredmedia":[{"embeddable":true,"href":"https:\/\/www.actualidadadiario.com\/index.php\/wp-json\/wp\/v2\/media\/65654"}],"wp:attachment":[{"href":"https:\/\/www.actualidadadiario.com\/index.php\/wp-json\/wp\/v2\/media?parent=65653"}],"wp:term":[{"taxonomy":"category","embeddable":true,"href":"https:\/\/www.actualidadadiario.com\/index.php\/wp-json\/wp\/v2\/categories?post=65653"},{"taxonomy":"post_tag","embeddable":true,"href":"https:\/\/www.actualidadadiario.com\/index.php\/wp-json\/wp\/v2\/tags?post=65653"}],"curies":[{"name":"wp","href":"https:\/\/api.w.org\/{rel}","templated":true}]}}