{"id":65647,"date":"2020-08-18T13:00:04","date_gmt":"2020-08-18T16:00:04","guid":{"rendered":"https:\/\/www.actualidadadiario.com\/?p=65647"},"modified":"2020-08-18T13:00:04","modified_gmt":"2020-08-18T16:00:04","slug":"el-verano-europeo-se-hunde-con-alzas-de-contagios-y-caos-en-el-turismo","status":"publish","type":"post","link":"https:\/\/www.actualidadadiario.com\/index.php\/2020\/08\/18\/el-verano-europeo-se-hunde-con-alzas-de-contagios-y-caos-en-el-turismo\/","title":{"rendered":"El verano europeo se hunde con alzas de contagios y caos en el turismo"},"content":{"rendered":"<p style=\"text-align: center;\"><em><strong>Se supon\u00eda que este verano ofrecer\u00eda esperanzas de una contenci\u00f3n del coronavirus en Europa, pero los aumentos de casos en todo el continente y el consiguiente caos en los viajes han hecho que los Gobiernos tomen consciencia de la realidad<\/strong><\/em><\/p>\n<p>&nbsp;<\/p>\n<p>&nbsp;<\/p>\n<p>Se supon\u00eda que este verano ofrecer\u00eda esperanzas de una contenci\u00f3n del coronavirus en Europa, pero los aumentos de casos en todo el continente y el consiguiente caos en los viajes han hecho que los Gobiernos tomen consciencia de la realidad.<\/p>\n<p>Desde Francia hasta Ucrania, la cantidad de pruebas con resultado positivo por covid-19 est\u00e1 aumentando bruscamente a medida que m\u00e1s personas salen de vacaciones y se contin\u00faan levantando las medidas de confinamiento para permitir que la poblaci\u00f3n se re\u00fana. Alemania report\u00f3 el mayor n\u00famero de casos nuevos desde mayo, mientras que Francia se\u00f1al\u00f3 que la situaci\u00f3n est\u00e1 empeorando, particularmente en las ciudades de Par\u00eds y Marsella. Grecia tambi\u00e9n est\u00e1 experimentando el mayor aumento diario de contagios desde el inicio de la pandemia.<\/p>\n<p>El Gobierno brit\u00e1nico anunci\u00f3 que los viajeros provenientes de Francia y los Pa\u00edses Bajos deben permanecer en cuarentena durante 14 d\u00edas al llegar al Reino Unido. Las acciones del sector de viajes se desplomaron. En Europa del Este, que se hab\u00eda visto menos afectada, algunos pa\u00edses se acercaron a cifras casi r\u00e9cord de casos diarios.<\/p>\n<p>El director general de Salud de Francia, J\u00e9r\u00f4me Salomon, dijo que las grandes reuniones familiares, como bodas, y los lugares de trabajo son lugares frecuentes de contagio. Inst\u00f3 a la gente a distanciarse socialmente para evitar la crisis vivida en marzo y abril, \u201cpor la que nadie quiere volver a pasar\u201d.<\/p>\n<p>Siempre se supo que levantar las medidas de cuarentena ser\u00eda un riesgo, mientras los pa\u00edses buscaban reactivar sus econom\u00edas en un intento por mitigar el colapso financiero que se estaba desarrollando. Volver a cerrar el comercio y ordenar que la gente se quede en casa es algo a lo que los l\u00edderes pol\u00edticos siguen reacios, dadas las oscuras proyecciones econ\u00f3micas y los millones de empleos en riesgo, particularmente en el sector del turismo.<\/p>\n<p>&nbsp;<\/p>\n<p><strong>Advertencia en Espa\u00f1a <\/strong><\/p>\n<p>A medida que los contagios en Espa\u00f1a continuaban aumentando, el principal lobby empresarial advirti\u00f3 el jueves que un segundo per\u00edodo de confinamiento tendr\u00eda consecuencias catastr\u00f3ficas e inst\u00f3 al Gobierno a promover el uso de una nueva aplicaci\u00f3n desarrollada por el Ministerio de Econom\u00eda, Industria y Competitividad para rastrear los casos de covid-19. Los nuevos casos en Espa\u00f1a se incrementaron a su mayor nivel desde al menos el 25 de mayo, cuando el Gobierno cambi\u00f3 su metodolog\u00eda para reportar datos.<\/p>\n<p>En el Reino Unido, el primer ministro, Boris Johnson, ha estado levantando las medidas de confinamiento, aunque se ha preocupado por no desencadenar una segunda ola de casos producto de las llegadas desde el extranjero. Su Gobierno ya enfrenta una investigaci\u00f3n sobre su manejo de la crisis despu\u00e9s de que Gran Breta\u00f1a registrara el mayor n\u00famero de muertes de Europa.<\/p>\n<p>Cientos de miles de turistas brit\u00e1nicos se ver\u00e1n obligados a aislarse durante dos semanas a su regreso a casa despu\u00e9s de que el Gobierno agregara a Francia, los Pa\u00edses Bajos y Malta a su lista de destinos considerados focos riesgosos por el virus.<\/p>\n<p>Es probable que las nuevas normativas, que entrar\u00e1n en vigor a partir de las 4 a.m. del s\u00e1bado, provoquen un caos en la venta de pasajes para viajar en aviones, trenes y ferris para 160.000 brit\u00e1nicos que actualmente est\u00e1n de vacaciones en Francia. El Gobierno franc\u00e9s declar\u00f3 que la decisi\u00f3n era lamentable y advirti\u00f3 que conducir\u00eda a una medida en respuesta.<\/p>\n<p>\u201cLa prioridad tiene que ser proteger lo que hemos logrado con tanto esfuerzo para controlar el virus y no volver a importarlo cuando la gente regrese a casa\u201d, dijo el viernes el secretario de Transporte del Reino Unido, Grant Shapps, a Times Radio. \u201cEs un problema de salud p\u00fablica al que simplemente no podemos dar la espalda\u201d.<\/p>\n<p>&nbsp;<\/p>\n<p><strong>\u2018Riesgo calculado\u2019 <\/strong><\/p>\n<p>En junio, el primer ministro griego, Kyriakos Mitsotakis, explic\u00f3 que estaba tomando un \u201criesgo calculado\u201d para permitir que los visitantes extranjeros regresaran a las playas y resorts del pa\u00eds.<\/p>\n<p>Tras el aumento en el n\u00famero de casos, su Gobierno orden\u00f3 cerrar a la medianoche bares, restaurantes y discotecas en la regi\u00f3n de Atenas y estableci\u00f3 un l\u00edmite m\u00e1ximo de 50 personas en eventos sociales como bodas en lugares particularmente afectados por el virus. El problema es que los j\u00f3venes regresan a las grandes \u00e1reas urbanas de sus vacaciones en las islas, dijo el viernes el viceministro de Protecci\u00f3n Ciudadana, Nikos Hardalias.<\/p>\n<p>Ha habido preocupaci\u00f3n en Grecia y Croacia, dos de los pa\u00edses de la Uni\u00f3n Europea que m\u00e1s dependen del turismo, de que el virus est\u00e9 entrando desde el extranjero. Croacia registr\u00f3 150 nuevos casos de coronavirus el jueves, la mayor cifra hasta ahora, y se espera un r\u00e9cord para el viernes. Mientras tanto, Austria advirti\u00f3 de no viajar a partir del 17 de agosto a Croacia, un importante destino de vacaciones y donde viven muchos inmigrantes austriacos.<\/p>\n<p>De hecho, el este del continente ha registrado un n\u00famero cada vez mayor de casos de covid-19 en los \u00faltimos d\u00edas, especialmente en Ucrania y Rumania. El viernes, Ucrania inform\u00f3 un r\u00e9cord diario de nuevos contagios por sexta vez este mes.<\/p>\n<p>Rumania notific\u00f3 su segundo mayor n\u00famero diario de casos desde el inicio de la pandemia. La naci\u00f3n, que registra el mayor n\u00famero de muertes en Europa del Este, tambi\u00e9n report\u00f3 44 fallecimientos el viernes, luego de alcanzar un r\u00e9cord el jueves.<\/p>\n<p>Polonia, cuya poblaci\u00f3n de 38 millones de personas es casi el doble que la de Ruman\u00eda, tambi\u00e9n est\u00e1 experimentando un aumento en las infecciones. El viernes report\u00f3 832 casos, el segundo d\u00eda con m\u00e1s casos diarios. El Ministerio de Salud culpa principalmente a las bodas por el repunte de los casos.<\/p>\n","protected":false},"excerpt":{"rendered":"<p>Se supon\u00eda que este verano ofrecer\u00eda esperanzas de una contenci\u00f3n del coronavirus en Europa, pero los aumentos de casos en todo el continente y el consiguiente caos en los viajes han hecho que los Gobiernos tomen consciencia de la realidad &nbsp; &nbsp; Se supon\u00eda que este verano ofrecer\u00eda esperanzas de una contenci\u00f3n del coronavirus en Europa, pero los aumentos de casos en todo el continente y el consiguiente caos en los viajes han hecho que los Gobiernos tomen consciencia de la realidad. Desde Francia hasta Ucrania, la cantidad de pruebas&#8230;<\/p>\n","protected":false},"author":3,"featured_media":65648,"comment_status":"closed","ping_status":"closed","sticky":false,"template":"","format":"standard","meta":[],"categories":[4],"tags":[],"_links":{"self":[{"href":"https:\/\/www.actualidadadiario.com\/index.php\/wp-json\/wp\/v2\/posts\/65647"}],"collection":[{"href":"https:\/\/www.actualidadadiario.com\/index.php\/wp-json\/wp\/v2\/posts"}],"about":[{"href":"https:\/\/www.actualidadadiario.com\/index.php\/wp-json\/wp\/v2\/types\/post"}],"author":[{"embeddable":true,"href":"https:\/\/www.actualidadadiario.com\/index.php\/wp-json\/wp\/v2\/users\/3"}],"replies":[{"embeddable":true,"href":"https:\/\/www.actualidadadiario.com\/index.php\/wp-json\/wp\/v2\/comments?post=65647"}],"version-history":[{"count":1,"href":"https:\/\/www.actualidadadiario.com\/index.php\/wp-json\/wp\/v2\/posts\/65647\/revisions"}],"predecessor-version":[{"id":65649,"href":"https:\/\/www.actualidadadiario.com\/index.php\/wp-json\/wp\/v2\/posts\/65647\/revisions\/65649"}],"wp:featuredmedia":[{"embeddable":true,"href":"https:\/\/www.actualidadadiario.com\/index.php\/wp-json\/wp\/v2\/media\/65648"}],"wp:attachment":[{"href":"https:\/\/www.actualidadadiario.com\/index.php\/wp-json\/wp\/v2\/media?parent=65647"}],"wp:term":[{"taxonomy":"category","embeddable":true,"href":"https:\/\/www.actualidadadiario.com\/index.php\/wp-json\/wp\/v2\/categories?post=65647"},{"taxonomy":"post_tag","embeddable":true,"href":"https:\/\/www.actualidadadiario.com\/index.php\/wp-json\/wp\/v2\/tags?post=65647"}],"curies":[{"name":"wp","href":"https:\/\/api.w.org\/{rel}","templated":true}]}}