{"id":65644,"date":"2020-08-18T12:59:10","date_gmt":"2020-08-18T15:59:10","guid":{"rendered":"https:\/\/www.actualidadadiario.com\/?p=65644"},"modified":"2020-08-18T12:59:10","modified_gmt":"2020-08-18T15:59:10","slug":"michelle-obama-contra-donald-trump-es-el-presidente-equivocado","status":"publish","type":"post","link":"https:\/\/www.actualidadadiario.com\/index.php\/2020\/08\/18\/michelle-obama-contra-donald-trump-es-el-presidente-equivocado\/","title":{"rendered":"Michelle Obama contra Donald Trump: \u201cEs el presidente equivocado&#8221;"},"content":{"rendered":"<p style=\"text-align: center;\"><em><strong>La exprimera dama de Estados Unidos Michelle Obama critico la &#8220;falta total de empat\u00eda&#8221; de Donald Trump y asegur\u00f3 que es &#8220;el presidente equivocado&#8221; para Estados Unidos. Al participar de la primera noche de la convenci\u00f3n dem\u00f3crata, llam\u00f3 a votar por Joe Biden en noviembre<\/strong><\/em><\/p>\n<p>&nbsp;<\/p>\n<p>&nbsp;<\/p>\n<p>&nbsp;<\/p>\n<p>&#8220;Siempre que buscamos en esta Casa Blanca alg\u00fan liderazgo, consuelo o alguna apariencia de estabilidad, lo que obtenemos en cambio es caos, divisi\u00f3n y una falta total y absoluta de empat\u00eda&#8221;, dijo la esposa del expresidente Barack Obama. &#8220;Trump es el presidente equivocado para nuestro pa\u00eds&#8221;, agreg\u00f3<\/p>\n<p>Obama sostuvo que Trump &#8220;ha tenido tiempo de sobra para probar que pod\u00eda hacer el trabajo, pero claramente es dif\u00edcil de comprender. &#8220;No est\u00e1 a la altura del momento. Simplemente no puede ser quien necesitamos que sea. Es lo que es&#8221;, sentenci\u00f3.<\/p>\n<p>&nbsp;<\/p>\n<p><strong>Discurso estelar<\/strong><\/p>\n<p>El discurso de la exprimera dama fue la intervenci\u00f3n estrella de la primera noche de la Convenci\u00f3n Nacional Dem\u00f3crata, que comenz\u00f3 este lunes y durar\u00e1 hasta el jueves, y que transcurre de manera virtual por la pandemia.<\/p>\n<p>Obama destac\u00f3 las divisiones en que est\u00e1 sumido EE.UU.: &#8220;Ahora, entiendo que mi mensaje no ser\u00e1 o\u00eddo por algunas personas. Vivimos en una naci\u00f3n que est\u00e1 profundamente dividida, y soy una mujer negra hablando en la Convenci\u00f3n Dem\u00f3crata&#8221;.<\/p>\n<p>Aun as\u00ed, advirti\u00f3 a los espectadores de que si ten\u00edan que tomar algo de su discurso que se quedaran con que la situaci\u00f3n puede empeorar. &#8220;Si piensan que las cosas no pueden ir a peor, conf\u00eden en m\u00ed, s\u00ed que pueden; y lo har\u00e1n si no hacemos un cambio en estas elecciones&#8221;, agreg\u00f3 Obama, al tiempo que pidi\u00f3 el voto para el precandidato dem\u00f3crata a la Presidencia, Joe Biden.<\/p>\n<p>&#8220;Conozco a Joe -sigui\u00f3-. Es un hombre profundamente decente, guiado por la fe. Fue un vicepresidente estupendo. Sabe lo que supone rescatar una econom\u00eda, y liderar nuestro pa\u00eds, y escucha, \u00e9l dir\u00e1 la verdad y confiar\u00e1 en la ciencia&#8221;.<\/p>\n<p>&nbsp;<\/p>\n<p><strong>&#8220;Nuestra econom\u00eda est\u00e1 en ruinas debido a un virus que este presidente ha menospreciado&#8221;<\/strong><\/p>\n<p>Michelle Obama asegur\u00f3 que hace cuatro a\u00f1os &#8220;mucha gente eligi\u00f3 creer que sus votos no importaban&#8221;. &#8220;Puede que estuvieran hartos, puede que pensaran que el resultado no ser\u00eda tan ajustado. Puede que los obst\u00e1culos se sintieran tambi\u00e9n demasiado empinados, al final esas elecciones mandaron al Despacho Oval a quien perdi\u00f3 el voto popular nacional por cerca de 3 millones&#8221;, defini\u00f3.<\/p>\n<p>&#8220;Cuatro a\u00f1os m\u00e1s tarde -sigui\u00f3- el estado de esta naci\u00f3n es muy diferente. M\u00e1s de 150.000 personas han muerto, y nuestra econom\u00eda est\u00e1 en ruinas debido a un virus que este presidente ha menospreciado demasiado tiempo&#8221;.<\/p>\n<p>Obama apunt\u00f3, adem\u00e1s, los casos de violencia policial contra afroamericanos, como George Floyd y Breonna Taylor, y lament\u00f3 que el mero hecho de afirmar que las vidas negras importan sea objeto de &#8220;burla&#8221; en el despacho m\u00e1s importante de la naci\u00f3n.<\/p>\n","protected":false},"excerpt":{"rendered":"<p>La exprimera dama de Estados Unidos Michelle Obama critico la &#8220;falta total de empat\u00eda&#8221; de Donald Trump y asegur\u00f3 que es &#8220;el presidente equivocado&#8221; para Estados Unidos. Al participar de la primera noche de la convenci\u00f3n dem\u00f3crata, llam\u00f3 a votar por Joe Biden en noviembre &nbsp; &nbsp; &nbsp; &#8220;Siempre que buscamos en esta Casa Blanca alg\u00fan liderazgo, consuelo o alguna apariencia de estabilidad, lo que obtenemos en cambio es caos, divisi\u00f3n y una falta total y absoluta de empat\u00eda&#8221;, dijo la esposa del expresidente Barack Obama. &#8220;Trump es el presidente&#8230;<\/p>\n","protected":false},"author":3,"featured_media":65645,"comment_status":"closed","ping_status":"closed","sticky":false,"template":"","format":"standard","meta":[],"categories":[4],"tags":[],"_links":{"self":[{"href":"https:\/\/www.actualidadadiario.com\/index.php\/wp-json\/wp\/v2\/posts\/65644"}],"collection":[{"href":"https:\/\/www.actualidadadiario.com\/index.php\/wp-json\/wp\/v2\/posts"}],"about":[{"href":"https:\/\/www.actualidadadiario.com\/index.php\/wp-json\/wp\/v2\/types\/post"}],"author":[{"embeddable":true,"href":"https:\/\/www.actualidadadiario.com\/index.php\/wp-json\/wp\/v2\/users\/3"}],"replies":[{"embeddable":true,"href":"https:\/\/www.actualidadadiario.com\/index.php\/wp-json\/wp\/v2\/comments?post=65644"}],"version-history":[{"count":1,"href":"https:\/\/www.actualidadadiario.com\/index.php\/wp-json\/wp\/v2\/posts\/65644\/revisions"}],"predecessor-version":[{"id":65646,"href":"https:\/\/www.actualidadadiario.com\/index.php\/wp-json\/wp\/v2\/posts\/65644\/revisions\/65646"}],"wp:featuredmedia":[{"embeddable":true,"href":"https:\/\/www.actualidadadiario.com\/index.php\/wp-json\/wp\/v2\/media\/65645"}],"wp:attachment":[{"href":"https:\/\/www.actualidadadiario.com\/index.php\/wp-json\/wp\/v2\/media?parent=65644"}],"wp:term":[{"taxonomy":"category","embeddable":true,"href":"https:\/\/www.actualidadadiario.com\/index.php\/wp-json\/wp\/v2\/categories?post=65644"},{"taxonomy":"post_tag","embeddable":true,"href":"https:\/\/www.actualidadadiario.com\/index.php\/wp-json\/wp\/v2\/tags?post=65644"}],"curies":[{"name":"wp","href":"https:\/\/api.w.org\/{rel}","templated":true}]}}