{"id":65641,"date":"2020-08-18T12:58:18","date_gmt":"2020-08-18T15:58:18","guid":{"rendered":"https:\/\/www.actualidadadiario.com\/?p=65641"},"modified":"2020-08-18T12:58:18","modified_gmt":"2020-08-18T15:58:18","slug":"marchas-anticuarentena-en-madrid-sancionaran-a-quienes-no-usaron-tapabocas","status":"publish","type":"post","link":"https:\/\/www.actualidadadiario.com\/index.php\/2020\/08\/18\/marchas-anticuarentena-en-madrid-sancionaran-a-quienes-no-usaron-tapabocas\/","title":{"rendered":"Marchas anticuarentena: en Madrid sancionar\u00e1n a quienes no usaron tapabocas"},"content":{"rendered":"<p style=\"text-align: center;\"><em><strong>Los manifestantes que marcharon ayer por la Plaza de Colon de Madrid hacia la Delegaci\u00f3n del Gobierno ser\u00e1n &#8220;sancionados con la m\u00e1xima dureza&#8221; permitida por incumplir el uso obligatorio de tapabocas. As\u00ed lo anunci\u00f3 este lunes el delegado del Gobierno en Madrid, Jos\u00e9 Manuel Franco<\/strong><\/em><\/p>\n<p>&nbsp;<\/p>\n<p>&nbsp;<\/p>\n<p>&nbsp;<\/p>\n<p>&#8220;Siempre hay alg\u00fan descerebrado -en este caso bastantes, por desgracia- que incumple las normas, pero lo que s\u00ed quiero dejar perfectamente claro es que se sancionar\u00e1 con la m\u00e1xima dureza que nos permita la ley&#8221;, dijo el funcionario sobre la marcha en la que participaron alrededor de 2.500 personas.<\/p>\n<p>Seg\u00fan explic\u00f3, en la convocatoria a la marcha los organizadores &#8220;no reivindicaban la oposici\u00f3n a la mascarilla&#8221;, pero s\u00ed &#8220;hablaban de instrumentalizaci\u00f3n, de censura de prensa y de la instrumentalizaci\u00f3n de las Fuerzas y Cuerpos de Seguridad&#8221;.<\/p>\n<p>&#8220;Es m\u00e1s, ellos nos garantizan en su escrito (convocatoria) la distancia social. Incluso dicen que habr\u00e1 personas record\u00e1ndolo con carteles&#8221;, agreg\u00f3 Franco, quien aclar\u00f3 que &#8220;en principio no deb\u00eda haber ning\u00fan motivo para prohibir dicha concentraci\u00f3n&#8221;.\u00a0 &#8220;Yo creo que la Polic\u00eda actu\u00f3 con la proporcionalidad que se le exige y con la que suele actuar siempre y hubiera sido peor, a mi juicio, una carga por disolver esa manifestaci\u00f3n&#8221;, agreg\u00f3 el delegado sobre la decisi\u00f3n de permitir la marcha.<\/p>\n<p>El &#8220;remedio pod\u00eda ser peor que la enfermedad&#8221;, sostuvo en ese sentido. A su parecer, las consecuencias se habr\u00edan agravado si se produc\u00eda un enfrentamiento con las fuerzas policiales que hiciera que los manifestantes se dispersaran por las calles de Madrid.<\/p>\n<p>Luego de la manifestaci\u00f3n, se impusieron m\u00e1s de 30 denuncias dirigidas incluso a los propios organizadores de la marcha.<\/p>\n<p>Este lunes, adem\u00e1s, el viceconsejero de Salud P\u00fablica de la Comunidad de Madrid, Antonio Zapatero, inform\u00f3 que &#8220;ya est\u00e1n muy avanzadas&#8221; las modificaciones para la prohibici\u00f3n de fumar en espacios p\u00fablicos en la Comunidad as\u00ed como el cierre del ocio nocturno, algo que podr\u00eda entrar en vigor &#8220;ma\u00f1ana o pasado&#8221;.<\/p>\n<p>Zapatero, adem\u00e1s, asegur\u00f3 que la vuelta a las aulas es &#8220;un desaf\u00edo importante, francamente preocupante&#8221;, por lo que entiende que &#8220;es un tema que hay que estudiar y plantear&#8221;.<\/p>\n<p>&nbsp;<\/p>\n<p><strong>Las \u00faltimas cifras en Espa\u00f1a<\/strong><\/p>\n<p>Desde el viernes, Espa\u00f1a registr\u00f3 m\u00e1s de 16.000 nuevos casos de coronavirus. En total, los contagios suman en Espa\u00f1a 359.082 desde el inicio de la pandemia, mientras que los fallecidos alcanzan los 28.646, indic\u00f3 el portavoz del Ministerio de Salud, Fernando Sim\u00f3n.<\/p>\n<p>&#8220;No es una buena cifra. Tenemos un incremento progresivo m\u00e1s f\u00e1cil de controlar que en otros periodos y todav\u00eda estamos increment\u00e1ndolo&#8221;, dijo el funcionario.<\/p>\n<p>&#8220;El hecho de la movilidad geogr\u00e1fica nos permite valorar que podemos controlarlo. Todo lo que se refiere a grandes ciudades son situaciones complicadas&#8221;, concluy\u00f3.<\/p>\n","protected":false},"excerpt":{"rendered":"<p>Los manifestantes que marcharon ayer por la Plaza de Colon de Madrid hacia la Delegaci\u00f3n del Gobierno ser\u00e1n &#8220;sancionados con la m\u00e1xima dureza&#8221; permitida por incumplir el uso obligatorio de tapabocas. As\u00ed lo anunci\u00f3 este lunes el delegado del Gobierno en Madrid, Jos\u00e9 Manuel Franco &nbsp; &nbsp; &nbsp; &#8220;Siempre hay alg\u00fan descerebrado -en este caso bastantes, por desgracia- que incumple las normas, pero lo que s\u00ed quiero dejar perfectamente claro es que se sancionar\u00e1 con la m\u00e1xima dureza que nos permita la ley&#8221;, dijo el funcionario sobre la marcha en&#8230;<\/p>\n","protected":false},"author":3,"featured_media":65642,"comment_status":"closed","ping_status":"closed","sticky":false,"template":"","format":"standard","meta":[],"categories":[4],"tags":[],"_links":{"self":[{"href":"https:\/\/www.actualidadadiario.com\/index.php\/wp-json\/wp\/v2\/posts\/65641"}],"collection":[{"href":"https:\/\/www.actualidadadiario.com\/index.php\/wp-json\/wp\/v2\/posts"}],"about":[{"href":"https:\/\/www.actualidadadiario.com\/index.php\/wp-json\/wp\/v2\/types\/post"}],"author":[{"embeddable":true,"href":"https:\/\/www.actualidadadiario.com\/index.php\/wp-json\/wp\/v2\/users\/3"}],"replies":[{"embeddable":true,"href":"https:\/\/www.actualidadadiario.com\/index.php\/wp-json\/wp\/v2\/comments?post=65641"}],"version-history":[{"count":1,"href":"https:\/\/www.actualidadadiario.com\/index.php\/wp-json\/wp\/v2\/posts\/65641\/revisions"}],"predecessor-version":[{"id":65643,"href":"https:\/\/www.actualidadadiario.com\/index.php\/wp-json\/wp\/v2\/posts\/65641\/revisions\/65643"}],"wp:featuredmedia":[{"embeddable":true,"href":"https:\/\/www.actualidadadiario.com\/index.php\/wp-json\/wp\/v2\/media\/65642"}],"wp:attachment":[{"href":"https:\/\/www.actualidadadiario.com\/index.php\/wp-json\/wp\/v2\/media?parent=65641"}],"wp:term":[{"taxonomy":"category","embeddable":true,"href":"https:\/\/www.actualidadadiario.com\/index.php\/wp-json\/wp\/v2\/categories?post=65641"},{"taxonomy":"post_tag","embeddable":true,"href":"https:\/\/www.actualidadadiario.com\/index.php\/wp-json\/wp\/v2\/tags?post=65641"}],"curies":[{"name":"wp","href":"https:\/\/api.w.org\/{rel}","templated":true}]}}