{"id":65638,"date":"2020-08-18T12:57:26","date_gmt":"2020-08-18T15:57:26","guid":{"rendered":"https:\/\/www.actualidadadiario.com\/?p=65638"},"modified":"2020-08-18T12:57:26","modified_gmt":"2020-08-18T15:57:26","slug":"rafael-correa-se-presentara-como-candidato-a-vicepresidente","status":"publish","type":"post","link":"https:\/\/www.actualidadadiario.com\/index.php\/2020\/08\/18\/rafael-correa-se-presentara-como-candidato-a-vicepresidente\/","title":{"rendered":"Rafael Correa se presentar\u00e1 como candidato a vicepresidente"},"content":{"rendered":"<p style=\"text-align: center;\"><em><strong>El expresidente de Ecuador Rafael Correa se presentar\u00e1 como candidato a la Vicepresidencia junto al economista y exministro de su Gobierno, Andr\u00e9s Arauz, en las elecciones de febrero pr\u00f3ximo, seg\u00fan inform\u00f3 este lunes en Twitter el l\u00edder de uno de los partidos de su coalici\u00f3n UNES, Jimmy Jairala<\/strong><\/em><\/p>\n<p>&nbsp;<\/p>\n<p>&nbsp;<\/p>\n<p>Jairala, titular de Centro Democr\u00e1tico, adelant\u00f3 que la f\u00f3rmula presidencial ser\u00e1 presentada formalmente este martes y explic\u00f3: &#8220;Esta plataforma ha priorizado la necesidad de acometer en los graves problemas econ\u00f3micos del pa\u00eds&#8221;.<\/p>\n<p>Hasta hoy no estaba claro si el exmandatario se presentar\u00eda como parte de la f\u00f3rmula presidencial opositora, porque una reciente reforma de las reglas electorales establece que los candidatos elegidos por sus fuerzas pol\u00edticas en las elecciones primarias deben aceptar sus candidaturas de manera presencial en el pa\u00eds.<\/p>\n<p>Tambi\u00e9n lo anunci\u00f3 este lunes el asesor de comunicaciones del exmandatario, Amauri Chamorro, en un mensaje por Twitter. &#8220;El binomio de la Revoluci\u00f3n Ciudadana para las elecciones presidenciales del 2021 en Ecuador tendr\u00e1 a Andr\u00e9s Arauz como (candidato a) presidente y a Mashi Rafael (Correa) como vicepresidente&#8221;, escribi\u00f3.<\/p>\n<p>Correa, quien tras terminar su mandato en 2017 se mud\u00f3 con su familia a B\u00e9lgica, pa\u00eds del que es oriunda su esposa, fue condenado en segunda instancia en julio pasado a una pena de ocho a\u00f1os de c\u00e1rcel por un caso de corrupci\u00f3n durante sus gobiernos.<\/p>\n<p>El exmandatario siempre ha alegado ser blanco de una persecuci\u00f3n pol\u00edtica del gobernante Len\u00edn Moreno, su exaliado y exvicepresidente. Adem\u00e1s, ha denunciado los intentos de proscripci\u00f3n de su partido Fuerza Compromiso Social, que fue suspendido por el Consejo Nacional Electoral pero luego un juez del Tribunal Contencioso Electoral dej\u00f3 sin efecto esa medida.<\/p>\n<p>Fuerza Compromiso Social particip\u00f3 en las \u00faltimas elecciones seccionales de 2019, con los candidatos respaldados por Correa y logr\u00f3 la Prefectura (Gobernaci\u00f3n) de Pichincha (cuya capital es Quito.<\/p>\n<p>Arauz, quien recientemente se incorpor\u00f3 tambi\u00e9n al Grupo de Puebla, ocup\u00f3 varios cargos del gabinete econ\u00f3mico de Correa, adem\u00e1s de haber sido su ministro de Cultura y director del Banco Central durante parte de su mandato.<\/p>\n<p>Con el binomio del frente UNES -una coalici\u00f3n de dos partidos y varios movimientos sociales que sum\u00f3 al corre\u00edsmo luego de la ruptura con el actual presidente Len\u00edn Moreno y el actual oficialismo-, ya suman 11 las candidaturas para la Presidencia en las elecciones de febrero pr\u00f3ximo.<\/p>\n<p>Con la derecha dividida, tras el derrumbe de popularidad del gobierno de Moreno, con una oposici\u00f3n tambi\u00e9n fragmentada y con el pa\u00eds sumido en una crisis econ\u00f3mica y sanitaria por la pandemia, el corre\u00edsmo se presenta como la principal minor\u00eda del pa\u00eds con una intenci\u00f3n de voto del 31,4 por ciento, seg\u00fan la \u00faltima encuesta del Centro Estrat\u00e9gico Latinoamericano de Geopol\u00edtica (Celag), publicado a principio de mes.<\/p>\n","protected":false},"excerpt":{"rendered":"<p>El expresidente de Ecuador Rafael Correa se presentar\u00e1 como candidato a la Vicepresidencia junto al economista y exministro de su Gobierno, Andr\u00e9s Arauz, en las elecciones de febrero pr\u00f3ximo, seg\u00fan inform\u00f3 este lunes en Twitter el l\u00edder de uno de los partidos de su coalici\u00f3n UNES, Jimmy Jairala &nbsp; &nbsp; Jairala, titular de Centro Democr\u00e1tico, adelant\u00f3 que la f\u00f3rmula presidencial ser\u00e1 presentada formalmente este martes y explic\u00f3: &#8220;Esta plataforma ha priorizado la necesidad de acometer en los graves problemas econ\u00f3micos del pa\u00eds&#8221;. Hasta hoy no estaba claro si el exmandatario&#8230;<\/p>\n","protected":false},"author":3,"featured_media":65639,"comment_status":"closed","ping_status":"closed","sticky":false,"template":"","format":"standard","meta":[],"categories":[4],"tags":[],"_links":{"self":[{"href":"https:\/\/www.actualidadadiario.com\/index.php\/wp-json\/wp\/v2\/posts\/65638"}],"collection":[{"href":"https:\/\/www.actualidadadiario.com\/index.php\/wp-json\/wp\/v2\/posts"}],"about":[{"href":"https:\/\/www.actualidadadiario.com\/index.php\/wp-json\/wp\/v2\/types\/post"}],"author":[{"embeddable":true,"href":"https:\/\/www.actualidadadiario.com\/index.php\/wp-json\/wp\/v2\/users\/3"}],"replies":[{"embeddable":true,"href":"https:\/\/www.actualidadadiario.com\/index.php\/wp-json\/wp\/v2\/comments?post=65638"}],"version-history":[{"count":1,"href":"https:\/\/www.actualidadadiario.com\/index.php\/wp-json\/wp\/v2\/posts\/65638\/revisions"}],"predecessor-version":[{"id":65640,"href":"https:\/\/www.actualidadadiario.com\/index.php\/wp-json\/wp\/v2\/posts\/65638\/revisions\/65640"}],"wp:featuredmedia":[{"embeddable":true,"href":"https:\/\/www.actualidadadiario.com\/index.php\/wp-json\/wp\/v2\/media\/65639"}],"wp:attachment":[{"href":"https:\/\/www.actualidadadiario.com\/index.php\/wp-json\/wp\/v2\/media?parent=65638"}],"wp:term":[{"taxonomy":"category","embeddable":true,"href":"https:\/\/www.actualidadadiario.com\/index.php\/wp-json\/wp\/v2\/categories?post=65638"},{"taxonomy":"post_tag","embeddable":true,"href":"https:\/\/www.actualidadadiario.com\/index.php\/wp-json\/wp\/v2\/tags?post=65638"}],"curies":[{"name":"wp","href":"https:\/\/api.w.org\/{rel}","templated":true}]}}