{"id":65632,"date":"2020-08-18T12:55:37","date_gmt":"2020-08-18T15:55:37","guid":{"rendered":"https:\/\/www.actualidadadiario.com\/?p=65632"},"modified":"2020-08-18T12:55:37","modified_gmt":"2020-08-18T15:55:37","slug":"reforma-judicial-el-consejo-asesor-debatira-sobre-el-futuro-del-ministerio-publico-fiscal","status":"publish","type":"post","link":"https:\/\/www.actualidadadiario.com\/index.php\/2020\/08\/18\/reforma-judicial-el-consejo-asesor-debatira-sobre-el-futuro-del-ministerio-publico-fiscal\/","title":{"rendered":"Reforma judicial: el consejo asesor debatir\u00e1 sobre el futuro del Ministerio P\u00fablico Fiscal"},"content":{"rendered":"<p style=\"text-align: center;\"><em><strong>El Consejo Asesor para la reforma judicial se reunir\u00e1 hoy para continuar el debate sobre c\u00f3mo se debe reformular el Ministerio P\u00fablico Fiscal y el de la Defensa. Adem\u00e1s, en el Senado de la Naci\u00f3n seguir\u00e1n las exposiciones de fiscales, exjueces y abogados constitucionalistas. De este modo, se dar\u00e1 continuidad al encuentro que comenz\u00f3 el s\u00e1bado pasado de forma virtual<\/strong><\/em><\/p>\n<p>&nbsp;<\/p>\n<p>&nbsp;<\/p>\n<p>&nbsp;<\/p>\n<p>De esta forma, la discusi\u00f3n se centra en si debe ser modificada la legislaci\u00f3n sobre la Procuraci\u00f3n General de la Naci\u00f3n. Los principales puntos en debate son la cantidad de a\u00f1os que debe durar el mandato, que actualmente es hasta los 75 a\u00f1os de edad del jefe de los fiscales. Tambi\u00e9n se discute el apoyo que debe conseguir su pliego en el Senado, que, seg\u00fan la legislaci\u00f3n vigente, la propuesta del Poder Ejecutivo debe contar con una mayor\u00eda de dos tercios.<\/p>\n<p>As\u00ed, teniendo en cuenta el proyecto de la reforma judicial que impulsa el Gobierno, a las 13:00 est\u00e1 prevista una reuni\u00f3n conjunta de las comisiones de Asuntos Constitucionales y de Justicia y Asuntos Penales de la C\u00e1mara alta para continuar con las exposiciones de distintos especialistas del \u00e1mbito judicial. Entre los participantes, se destacan el fiscal general ante la C\u00e1mara Federal de Casaci\u00f3n Penal Javier De Luca y el abogado constitucionalista Eduardo Barcesat.<\/p>\n<p>Tambi\u00e9n estar\u00e1n presentes los exjueces Carlos Rozanski y Miguel Caminos. En este encuentro, fueron citados adem\u00e1s el presidente del Colegio de Abogados de la Ciudad de Buenos Aires, M\u00e1ximo Fonrouge; el procurador general de Mendoza, Alejandro Gull, y la ex magistrada y profesora consulta de derecho penal y procesal penal de la Facultad de Derecho de la Universidad de Buenos Aires (UBA), Lucila Larrandart, entre otros.<\/p>\n<p>En este marco, la C\u00e1mara de Diputados, presidida por Sergio Massa, analizar\u00e1 los desaf\u00edos del tercer sector para la pospandemia hoy a las 15:00 con la comisi\u00f3n de Asuntos Cooperativos, Muturales y de Organizaciones No Gubernamentales. De este modo, fueron invitados algunos representantes, como Alejandro Russo y Rosa Rodr\u00edguez. Seguidamente, habr\u00e1 un encuentro a las 16:00 para dialogar sobre temas varios.<\/p>\n","protected":false},"excerpt":{"rendered":"<p>El Consejo Asesor para la reforma judicial se reunir\u00e1 hoy para continuar el debate sobre c\u00f3mo se debe reformular el Ministerio P\u00fablico Fiscal y el de la Defensa. Adem\u00e1s, en el Senado de la Naci\u00f3n seguir\u00e1n las exposiciones de fiscales, exjueces y abogados constitucionalistas. De este modo, se dar\u00e1 continuidad al encuentro que comenz\u00f3 el s\u00e1bado pasado de forma virtual &nbsp; &nbsp; &nbsp; De esta forma, la discusi\u00f3n se centra en si debe ser modificada la legislaci\u00f3n sobre la Procuraci\u00f3n General de la Naci\u00f3n. Los principales puntos en debate son&#8230;<\/p>\n","protected":false},"author":3,"featured_media":65633,"comment_status":"closed","ping_status":"closed","sticky":false,"template":"","format":"standard","meta":[],"categories":[18],"tags":[],"_links":{"self":[{"href":"https:\/\/www.actualidadadiario.com\/index.php\/wp-json\/wp\/v2\/posts\/65632"}],"collection":[{"href":"https:\/\/www.actualidadadiario.com\/index.php\/wp-json\/wp\/v2\/posts"}],"about":[{"href":"https:\/\/www.actualidadadiario.com\/index.php\/wp-json\/wp\/v2\/types\/post"}],"author":[{"embeddable":true,"href":"https:\/\/www.actualidadadiario.com\/index.php\/wp-json\/wp\/v2\/users\/3"}],"replies":[{"embeddable":true,"href":"https:\/\/www.actualidadadiario.com\/index.php\/wp-json\/wp\/v2\/comments?post=65632"}],"version-history":[{"count":1,"href":"https:\/\/www.actualidadadiario.com\/index.php\/wp-json\/wp\/v2\/posts\/65632\/revisions"}],"predecessor-version":[{"id":65634,"href":"https:\/\/www.actualidadadiario.com\/index.php\/wp-json\/wp\/v2\/posts\/65632\/revisions\/65634"}],"wp:featuredmedia":[{"embeddable":true,"href":"https:\/\/www.actualidadadiario.com\/index.php\/wp-json\/wp\/v2\/media\/65633"}],"wp:attachment":[{"href":"https:\/\/www.actualidadadiario.com\/index.php\/wp-json\/wp\/v2\/media?parent=65632"}],"wp:term":[{"taxonomy":"category","embeddable":true,"href":"https:\/\/www.actualidadadiario.com\/index.php\/wp-json\/wp\/v2\/categories?post=65632"},{"taxonomy":"post_tag","embeddable":true,"href":"https:\/\/www.actualidadadiario.com\/index.php\/wp-json\/wp\/v2\/tags?post=65632"}],"curies":[{"name":"wp","href":"https:\/\/api.w.org\/{rel}","templated":true}]}}