{"id":65630,"date":"2020-08-18T12:54:26","date_gmt":"2020-08-18T15:54:26","guid":{"rendered":"https:\/\/www.actualidadadiario.com\/?p=65630"},"modified":"2020-08-18T12:54:26","modified_gmt":"2020-08-18T15:54:26","slug":"diputados-analizan-en-comision-la-nueva-formula-jubilatoria","status":"publish","type":"post","link":"https:\/\/www.actualidadadiario.com\/index.php\/2020\/08\/18\/diputados-analizan-en-comision-la-nueva-formula-jubilatoria\/","title":{"rendered":"Diputados analizan en comisi\u00f3n la nueva f\u00f3rmula jubilatoria"},"content":{"rendered":"<p style=\"text-align: center;\"><em><strong>La C\u00e1mara baja tendr\u00e1 actividad desde las 15. No podr\u00e1 emitir dict\u00e1menes, debido a que a\u00fan no se prorrog\u00f3 el protocolo que permite su funcionamiento virtual<\/strong><\/em><\/p>\n<p>&nbsp;<\/p>\n<p>La C\u00e1mara de Diputados continuar\u00e1 hoy con el trabajo de comisiones de manera virtual aunque no podr\u00e1 emitir dict\u00e1menes, debido a que a\u00fan no se prorrog\u00f3 el protocolo que permite su funcionamiento virtual en el marco de las medidas de aislamiento por la pandemia del coronavirus.<\/p>\n<p>El oficialismo de la C\u00e1mara baja buscar\u00e1 mantener conversaciones con la oposici\u00f3n para renovar ese protocolo, que venci\u00f3 el 7 de este mes, ya que necesita un nuevo aval de los bloques parlamentarios por 30 d\u00edas para continuar con el trabajo remoto que, seg\u00fan estiman fuentes legislativas, se mantendr\u00e1 al menos hasta octubre.<\/p>\n<p>Mientras tanto, hoy a las 15, a trav\u00e9s de videoconferencia, la Comisi\u00f3n de Asuntos Cooperativos, Mutuales y de Organizaciones No Gubernamentales deliberar\u00e1 en torno a las &#8220;Experiencias, Desaf\u00edos y Propuestas del tercer sector para la postpandemia&#8221;, con la presencia de representantes de mutuales y cooperativas.<\/p>\n<p>A a las 16, se reunir\u00e1 la comisi\u00f3n mixta que analiza la nueva f\u00f3rmula jubilatoria, a la que fueron invitados la presidenta de la C\u00e1mara Federal de la Seguridad Social, vocal de la Sala I de Seguridad Social, Victoria P\u00e9rez Tognola y el presidente de la Sala III de la C\u00e1mara Federal de la Seguridad Social, N\u00e9stor Fasciolo.<\/p>\n<p>A las 18, en tanto, se realizar\u00e1 un plenario de las comisiones de Relaciones Exteriores y de Legislaci\u00f3n del Trabajo, que analizar\u00e1 el Convenio sobre la Eliminaci\u00f3n de la Violencia y el Acoso en el Mundo del Trabajo -Convenio 190-, adoptado por la Organizaci\u00f3n Internacional del Trabajo en la ciudad de Ginebra -Confederaci\u00f3n Suiza-, el 21 de junio de 2019.<\/p>\n<p>Para ma\u00f1ana a las 11, est\u00e1 previsto que se re\u00fana la Comisi\u00f3n Mixta Revisora de Cuentas, a la que fueron invitados integrantes del Colegio de Auditores Generales de la Auditor\u00eda General de la Naci\u00f3n. Presentaci\u00f3n del POA 2020. Presupuesto de la Auditor\u00eda General de la Naci\u00f3n.<\/p>\n<p>Tambi\u00e9n, a las 11, se reunir\u00e1 la Comisi\u00f3n de Agricultura y Ganader\u00eda, con la participaci\u00f3n del presidente de la C\u00e1mara de Tabaco de Jujuy, Pedro Pascuttini; presidente de la C\u00e1mara del Tabaco de Salta, Esteban Amat Lacroix; Asociaci\u00f3n de Productores Tabacaleros de Misiones, Ricardo Saraceni y representantes del Registro Nacional de Trabajadores Rurales y Empleados (Renatre).<\/p>\n<p>Finalmente, la agenda contempla para el jueves a las 16, un informe del ministro de Cultura de la Naci\u00f3n, Trist\u00e1n Bauer, ante la comisi\u00f3n de Cultura de la C\u00e1mara baja.<\/p>\n","protected":false},"excerpt":{"rendered":"<p>La C\u00e1mara baja tendr\u00e1 actividad desde las 15. No podr\u00e1 emitir dict\u00e1menes, debido a que a\u00fan no se prorrog\u00f3 el protocolo que permite su funcionamiento virtual &nbsp; La C\u00e1mara de Diputados continuar\u00e1 hoy con el trabajo de comisiones de manera virtual aunque no podr\u00e1 emitir dict\u00e1menes, debido a que a\u00fan no se prorrog\u00f3 el protocolo que permite su funcionamiento virtual en el marco de las medidas de aislamiento por la pandemia del coronavirus. El oficialismo de la C\u00e1mara baja buscar\u00e1 mantener conversaciones con la oposici\u00f3n para renovar ese protocolo, que&#8230;<\/p>\n","protected":false},"author":3,"featured_media":65164,"comment_status":"closed","ping_status":"closed","sticky":false,"template":"","format":"standard","meta":[],"categories":[18],"tags":[],"_links":{"self":[{"href":"https:\/\/www.actualidadadiario.com\/index.php\/wp-json\/wp\/v2\/posts\/65630"}],"collection":[{"href":"https:\/\/www.actualidadadiario.com\/index.php\/wp-json\/wp\/v2\/posts"}],"about":[{"href":"https:\/\/www.actualidadadiario.com\/index.php\/wp-json\/wp\/v2\/types\/post"}],"author":[{"embeddable":true,"href":"https:\/\/www.actualidadadiario.com\/index.php\/wp-json\/wp\/v2\/users\/3"}],"replies":[{"embeddable":true,"href":"https:\/\/www.actualidadadiario.com\/index.php\/wp-json\/wp\/v2\/comments?post=65630"}],"version-history":[{"count":1,"href":"https:\/\/www.actualidadadiario.com\/index.php\/wp-json\/wp\/v2\/posts\/65630\/revisions"}],"predecessor-version":[{"id":65631,"href":"https:\/\/www.actualidadadiario.com\/index.php\/wp-json\/wp\/v2\/posts\/65630\/revisions\/65631"}],"wp:featuredmedia":[{"embeddable":true,"href":"https:\/\/www.actualidadadiario.com\/index.php\/wp-json\/wp\/v2\/media\/65164"}],"wp:attachment":[{"href":"https:\/\/www.actualidadadiario.com\/index.php\/wp-json\/wp\/v2\/media?parent=65630"}],"wp:term":[{"taxonomy":"category","embeddable":true,"href":"https:\/\/www.actualidadadiario.com\/index.php\/wp-json\/wp\/v2\/categories?post=65630"},{"taxonomy":"post_tag","embeddable":true,"href":"https:\/\/www.actualidadadiario.com\/index.php\/wp-json\/wp\/v2\/tags?post=65630"}],"curies":[{"name":"wp","href":"https:\/\/api.w.org\/{rel}","templated":true}]}}