{"id":65627,"date":"2020-08-18T12:53:32","date_gmt":"2020-08-18T15:53:32","guid":{"rendered":"https:\/\/www.actualidadadiario.com\/?p=65627"},"modified":"2020-08-18T12:53:32","modified_gmt":"2020-08-18T15:53:32","slug":"el-gobierno-pone-en-marcha-nuevamente-la-mesa-del-plan-argentina-contra-el-hambre","status":"publish","type":"post","link":"https:\/\/www.actualidadadiario.com\/index.php\/2020\/08\/18\/el-gobierno-pone-en-marcha-nuevamente-la-mesa-del-plan-argentina-contra-el-hambre\/","title":{"rendered":"El Gobierno pone en marcha nuevamente la mesa del Plan Argentina contra el Hambre"},"content":{"rendered":"<p style=\"text-align: center;\"><em><strong>El Gobierno planea reactivar este martes la Mesa del Plan Argentina contra el Hambre. Lo har\u00e1 mediante una reuni\u00f3n de la que participar\u00e1 la presidenta del Consejo Nacional de Coordinaci\u00f3n de Pol\u00edticas Sociales, Victoria Tolosa Paz, y el jefe de Gabinete, Santiago Cafiero. Asimismo, en este encuentro para volver a poner en marcha el proyecto, tambi\u00e9n estar\u00e1 presente el ministro de Desarrollo Social, Daniel Arroyo<\/strong><\/em><\/p>\n<p>&nbsp;<\/p>\n<p>La reuni\u00f3n se llevar\u00e1 adelante para analizar propuestas en materia de producci\u00f3n y nutrici\u00f3n alimentaria. Tratar\u00e1 adem\u00e1s el impacto de la pandemia en la ni\u00f1ez, a ra\u00edz de un informe que acaba de difundir UNICEF Argentina. En esta l\u00ednea, el organismo public\u00f3 en los \u00faltimos d\u00edas una nueva estimaci\u00f3n de la pobreza infantil. El estudio revela que, entre diciembre de 2019 y diciembre de 2020, la cantidad de ni\u00f1os pobres pasar\u00eda de 7 a 8,3 millones.<\/p>\n<p>\u00abLa pandemia no hizo m\u00e1s que dejar al descubierto las desigualdades y agravar un cuadro de por s\u00ed cr\u00edtico\u00bb, sostuvo Tolosa Paz. De esta forma, la dirigente resalt\u00f3 que \u00abatender el hambre sigue siendo una prioridad\u00bb. \u00abA un chico que no se alimenta adecuadamente, que no se nutre, dif\u00edcilmente se le pueda exigir que cumpla con las exigencias de una educaci\u00f3n de calidad. Y lo mismo para las madres y embarazadas\u00bb, consider\u00f3.<\/p>\n<p>La funcionaria destac\u00f3 que \u00abel Gobierno de Alberto Fern\u00e1ndez activ\u00f3 medidas que amortiguaron la ca\u00edda y lograron una cobertura in\u00e9dita en materia de pol\u00edticas p\u00fablicas, como la tarjeta AlimentAR y su refuerzo, el Ingreso Familiar de Emergencia, los bonos para AUH y AUE, y tambi\u00e9n el Programa de Asistencia de Emergencia al Trabajo y la Producci\u00f3n\u00bb. Asimismo, advirti\u00f3 que \u00abla continuidad de los programas de protecci\u00f3n social es clave para evitar que m\u00e1s hogares caigan en la pobreza extrema\u00bb.<\/p>\n<p>Seg\u00fan comunic\u00f3 el ministro\u00a0 Daniel Arroyo a principios de agosto, la tarjeta Alimentar, implementada por el Gobierno para que los sectores vulnerables puedan comprar suministros, alcanz\u00f3 a 1,5 millones de familias. As\u00ed, lleg\u00f3 en seis meses al total de hogares previstos. Adem\u00e1s, en su cuenta de Twitter se\u00f1al\u00f3 que, en el marco del plan Argentina contra el Hambre, cada titular recibe un monto ocho veces superior que en 2019 y que se duplic\u00f3 la inversi\u00f3n en los comedores escolares de 2.700 millones de pesos en 2019 a 6.000 millones de pesos en 2020.<\/p>\n","protected":false},"excerpt":{"rendered":"<p>El Gobierno planea reactivar este martes la Mesa del Plan Argentina contra el Hambre. Lo har\u00e1 mediante una reuni\u00f3n de la que participar\u00e1 la presidenta del Consejo Nacional de Coordinaci\u00f3n de Pol\u00edticas Sociales, Victoria Tolosa Paz, y el jefe de Gabinete, Santiago Cafiero. Asimismo, en este encuentro para volver a poner en marcha el proyecto, tambi\u00e9n estar\u00e1 presente el ministro de Desarrollo Social, Daniel Arroyo &nbsp; La reuni\u00f3n se llevar\u00e1 adelante para analizar propuestas en materia de producci\u00f3n y nutrici\u00f3n alimentaria. Tratar\u00e1 adem\u00e1s el impacto de la pandemia en la&#8230;<\/p>\n","protected":false},"author":3,"featured_media":65628,"comment_status":"closed","ping_status":"closed","sticky":false,"template":"","format":"standard","meta":[],"categories":[9],"tags":[],"_links":{"self":[{"href":"https:\/\/www.actualidadadiario.com\/index.php\/wp-json\/wp\/v2\/posts\/65627"}],"collection":[{"href":"https:\/\/www.actualidadadiario.com\/index.php\/wp-json\/wp\/v2\/posts"}],"about":[{"href":"https:\/\/www.actualidadadiario.com\/index.php\/wp-json\/wp\/v2\/types\/post"}],"author":[{"embeddable":true,"href":"https:\/\/www.actualidadadiario.com\/index.php\/wp-json\/wp\/v2\/users\/3"}],"replies":[{"embeddable":true,"href":"https:\/\/www.actualidadadiario.com\/index.php\/wp-json\/wp\/v2\/comments?post=65627"}],"version-history":[{"count":1,"href":"https:\/\/www.actualidadadiario.com\/index.php\/wp-json\/wp\/v2\/posts\/65627\/revisions"}],"predecessor-version":[{"id":65629,"href":"https:\/\/www.actualidadadiario.com\/index.php\/wp-json\/wp\/v2\/posts\/65627\/revisions\/65629"}],"wp:featuredmedia":[{"embeddable":true,"href":"https:\/\/www.actualidadadiario.com\/index.php\/wp-json\/wp\/v2\/media\/65628"}],"wp:attachment":[{"href":"https:\/\/www.actualidadadiario.com\/index.php\/wp-json\/wp\/v2\/media?parent=65627"}],"wp:term":[{"taxonomy":"category","embeddable":true,"href":"https:\/\/www.actualidadadiario.com\/index.php\/wp-json\/wp\/v2\/categories?post=65627"},{"taxonomy":"post_tag","embeddable":true,"href":"https:\/\/www.actualidadadiario.com\/index.php\/wp-json\/wp\/v2\/tags?post=65627"}],"curies":[{"name":"wp","href":"https:\/\/api.w.org\/{rel}","templated":true}]}}