{"id":65625,"date":"2020-08-18T12:52:33","date_gmt":"2020-08-18T15:52:33","guid":{"rendered":"https:\/\/www.actualidadadiario.com\/?p=65625"},"modified":"2020-08-18T12:52:33","modified_gmt":"2020-08-18T15:52:33","slug":"el-oficialismo-quiere-llevar-la-reforma-judicial-al-recinto-a-fines-de-mes","status":"publish","type":"post","link":"https:\/\/www.actualidadadiario.com\/index.php\/2020\/08\/18\/el-oficialismo-quiere-llevar-la-reforma-judicial-al-recinto-a-fines-de-mes\/","title":{"rendered":"El oficialismo quiere llevar la reforma judicial al recinto a fines de mes"},"content":{"rendered":"<p style=\"text-align: center;\"><em><strong>Esta semana continuar\u00e1n las audiencias en las que opinan especialistas sobre el proyecto. Aunque la oposici\u00f3n pidi\u00f3 que se lo retire, el debate avanza<\/strong><\/em><\/p>\n<p>&nbsp;<\/p>\n<p>&nbsp;<\/p>\n<p>El Senado continuar\u00e1 este martes la audiencia p\u00fablica sobre el tratamiento de reforma judicial en el marco de la reuni\u00f3n plenaria de las comisiones de Asuntos Constitucionales y Justicia y Asuntos Penales. Pese al planteo formulado por los diputados de Cambiemos al presidente Alberto Fern\u00e1ndez para que se retire el proyecto del Congreso, el oficialismo no frenar\u00e1 el debate y realizar\u00e1 una nueva reuni\u00f3n \u201cvirtual\u201d.<\/p>\n<p>Con el objetivo de sistematizar las propuestas que se hacen en torno a las posibles modificaciones del proyecto, el quinto encuentro se realizar\u00e1 desde las 13 y contar\u00e1 con la participaci\u00f3n remota de 15 expositores entre los que habr\u00e1 representantes de Derechos Humanos, y participar\u00e1n el abogado constitucionalista Eduardo Barcesat y el exjuez de C\u00e1mara Carlos Rozanski.<\/p>\n<p>En una conferencia de prensa virtual con la Asociaci\u00f3n de Periodistas de la Rep\u00fablica Argentina (APeRA) de la que particip\u00f3 Tiempo, la senadora Mar\u00eda de los \u00c1ngeles Sacnun asegur\u00f3 que &#8220;el proyecto ya tiene estado parlamentario y ya est\u00e1 siendo debatido por el Senado de la Naci\u00f3n&#8221;. &#8220;\u00bfPor qu\u00e9 se retirar\u00eda del Parlamento donde ya hemos demostrado que hemos llevado adelante un debate pr\u00e1cticamente igual que el que se genera cuando las reuniones son presenciales?&#8221;, se pregunt\u00f3 la titular de Asuntos Constitucionales.<\/p>\n<p>Sacnun expres\u00f3: \u201cLa verdad es que es inexplicable la posici\u00f3n que tiene la oposici\u00f3n en torno al debate parlamentario\u201d. Y diferenci\u00f3 las actitudes de los bloques de ambas C\u00e1maras: \u201cM\u00e1s all\u00e1 de que la oposici\u00f3n no est\u00e1 planteando reformas concretamente, y hay una franca oposici\u00f3n al proyecto, est\u00e1n asistiendo a las comisiones, han presentado expositores, se est\u00e1 dando el debate parlamentario\u201d.<\/p>\n<p>Como adelant\u00f3 este diario, el Frente de Todos estima bajar el proyecto al recinto que preside Cristina Fern\u00e1ndez a fin de mes, cuando se presume que el espacio de Juntos por el Cambio, que lidera Luis Naidenoff, presente un dictamen propio. En ese sentido, la senadora por Santa Fe, anticip\u00f3: \u201cLes hemos pedido que se eleven las eventuales reformas o planteos que tengan; no hemos obtenido respuesta en ese sentido, con lo cual presumo que habr\u00e1 un dictamen de minor\u00eda\u201d.<\/p>\n<p>Durante la jornada del martes tambi\u00e9n expondr\u00e1n Hugo Blasco, secretario general de la Federaci\u00f3n Judicial Argentina (FJA); Emilio Porras Hern\u00e1ndez, procurador general adjunto de Chubut; Carlos Seijas, defensor p\u00fablico oficial ante los Juzgados Nacionales en lo Criminal de Instrucci\u00f3n; Ricardo Rojas, juez de C\u00e1mara del Tribunal Oral en lo Criminal y Correccional N\u00b0 18 de la Capital Federal; Ricardo Peyrano, fiscal ante los Juzgados Federales de Primera Instancia en lo Civil, Comercial y Contencioso Administrativo de San Justo; H\u00e9ctor Chayer, especialista en Gesti\u00f3n y Organizaci\u00f3n Judicial; Mario Bosch, representante del colectivo de abogadas y abogados querellantes en causas de lesa humanidad; Jorge Auat, exfiscal general de Resistencia, Chaco; M\u00e1ximo Fonrouge, presidente del Colegio de Abogados de la Ciudad de Buenos Aires; Javier De Luca, fiscal general ante la C\u00e1mara Federal de Casaci\u00f3n Penal; Lucila Larrandart, profesora consulta de Derecho Penal y Procesal Penal de UBA; Miguel Caminos, exjuez del Tribunal Oral en lo Criminal y Correccional N\u00b0 3 de la Capital Federal; y Alejandro Gull\u00e9, procurador general de la Suprema Corte de Justicia de Mendoza.<\/p>\n","protected":false},"excerpt":{"rendered":"<p>Esta semana continuar\u00e1n las audiencias en las que opinan especialistas sobre el proyecto. Aunque la oposici\u00f3n pidi\u00f3 que se lo retire, el debate avanza &nbsp; &nbsp; El Senado continuar\u00e1 este martes la audiencia p\u00fablica sobre el tratamiento de reforma judicial en el marco de la reuni\u00f3n plenaria de las comisiones de Asuntos Constitucionales y Justicia y Asuntos Penales. Pese al planteo formulado por los diputados de Cambiemos al presidente Alberto Fern\u00e1ndez para que se retire el proyecto del Congreso, el oficialismo no frenar\u00e1 el debate y realizar\u00e1 una nueva reuni\u00f3n&#8230;<\/p>\n","protected":false},"author":3,"featured_media":65551,"comment_status":"closed","ping_status":"closed","sticky":false,"template":"","format":"standard","meta":[],"categories":[18],"tags":[],"_links":{"self":[{"href":"https:\/\/www.actualidadadiario.com\/index.php\/wp-json\/wp\/v2\/posts\/65625"}],"collection":[{"href":"https:\/\/www.actualidadadiario.com\/index.php\/wp-json\/wp\/v2\/posts"}],"about":[{"href":"https:\/\/www.actualidadadiario.com\/index.php\/wp-json\/wp\/v2\/types\/post"}],"author":[{"embeddable":true,"href":"https:\/\/www.actualidadadiario.com\/index.php\/wp-json\/wp\/v2\/users\/3"}],"replies":[{"embeddable":true,"href":"https:\/\/www.actualidadadiario.com\/index.php\/wp-json\/wp\/v2\/comments?post=65625"}],"version-history":[{"count":1,"href":"https:\/\/www.actualidadadiario.com\/index.php\/wp-json\/wp\/v2\/posts\/65625\/revisions"}],"predecessor-version":[{"id":65626,"href":"https:\/\/www.actualidadadiario.com\/index.php\/wp-json\/wp\/v2\/posts\/65625\/revisions\/65626"}],"wp:featuredmedia":[{"embeddable":true,"href":"https:\/\/www.actualidadadiario.com\/index.php\/wp-json\/wp\/v2\/media\/65551"}],"wp:attachment":[{"href":"https:\/\/www.actualidadadiario.com\/index.php\/wp-json\/wp\/v2\/media?parent=65625"}],"wp:term":[{"taxonomy":"category","embeddable":true,"href":"https:\/\/www.actualidadadiario.com\/index.php\/wp-json\/wp\/v2\/categories?post=65625"},{"taxonomy":"post_tag","embeddable":true,"href":"https:\/\/www.actualidadadiario.com\/index.php\/wp-json\/wp\/v2\/tags?post=65625"}],"curies":[{"name":"wp","href":"https:\/\/api.w.org\/{rel}","templated":true}]}}