{"id":65622,"date":"2020-08-18T12:51:45","date_gmt":"2020-08-18T15:51:45","guid":{"rendered":"https:\/\/www.actualidadadiario.com\/?p=65622"},"modified":"2020-08-18T12:51:45","modified_gmt":"2020-08-18T15:51:45","slug":"crean-un-gabinete-nacional-para-impulsar-la-perspectiva-de-genero-en-todas-las-politicas-publicas","status":"publish","type":"post","link":"https:\/\/www.actualidadadiario.com\/index.php\/2020\/08\/18\/crean-un-gabinete-nacional-para-impulsar-la-perspectiva-de-genero-en-todas-las-politicas-publicas\/","title":{"rendered":"Crean un gabinete nacional para impulsar la perspectiva de g\u00e9nero en todas las pol\u00edticas p\u00fablicas"},"content":{"rendered":"<p style=\"text-align: center;\"><em><strong>La decisi\u00f3n busca crear una pol\u00edtica de g\u00e9nero transversal en todas las \u00e1reas del Estado<\/strong><\/em><\/p>\n<p>&nbsp;<\/p>\n<p>&nbsp;<\/p>\n<p>El gobierno nacional cre\u00f3 el Gabinete Nacional para la Transversalizaci\u00f3n de las Pol\u00edticas de G\u00e9nero con el fin de garantizar la incorporaci\u00f3n de la perspectiva de g\u00e9nero en el dise\u00f1o e implementaci\u00f3n de todas las pol\u00edticas p\u00fablicas nacionales.<\/p>\n<p>Lo hizo a trav\u00e9s del Decreto 680\/2020, publicado este martes en el Bolet\u00edn Oficial, con la firma del presidente Alberto Fern\u00e1ndez; del jefe de Gabinete, Santiago Cafiero; y de la ministra de Mujeres, G\u00e9neros y Diversidad, Elizabeth G\u00f3mez Alcorta.<\/p>\n<p>\u201cEsta decisi\u00f3n constituye otro hito fundamental en el proceso de creaci\u00f3n de institucionalidad que garantiza la perspectiva de g\u00e9nero como pol\u00edtica de Estado. En l\u00ednea con los compromisos internacionales asumidos, la Argentina se vuelve a colocar, una vez m\u00e1s, como pa\u00eds de avanzada en Am\u00e9rica Latina, y en el mundo, en relaci\u00f3n con los derechos de las mujeres y personas LGBTI+\u201d, se\u00f1al\u00f3 el ministerio encabezado por G\u00f3mez Alcorta en un comunicado.<\/p>\n<p>El Gabinete estar\u00e1 presidido por el jefe de Gabinete de Ministros, Cafiero, e integrado por los titulares de todos los ministerios as\u00ed como ANSES, INDEC, PAMI y la Agencia Nacional de Discapacidad.<\/p>\n<p>Su funci\u00f3n ser\u00e1 consensuar acciones para la incorporaci\u00f3n de la perspectiva de g\u00e9nero tanto en el componente presupuestario como de gesti\u00f3n y ejecuci\u00f3n y monitorear el cumplimiento de los programas as\u00ed como las estrategias y acciones de capacitaci\u00f3n y especializaci\u00f3n de los recursos humanos necesarios para asegurar la transversalizaci\u00f3n de la perspectiva de g\u00e9nero.<\/p>\n<p>Contar\u00e1 con la asistencia de una Mesa de Coordinaci\u00f3n que estar\u00e1 a cargo del Ministerio de las Mujeres, G\u00e9neros y Diversidad, que articular\u00e1 el trabajo operativo con cada ministerio en reuniones de trabajo mensuales de las que participaran una persona titular y una suplente con rango no menor al de director o directora nacional o equivalente de cada uno de los organismos que integran el Gabinete.<\/p>\n<p>En este \u00e1mbito se coordinar\u00e1 el trabajo operativo, se articular\u00e1 con cada ministerio el plan de trabajo correspondiente y se realizar\u00e1 el seguimiento y sistematizaci\u00f3n de los avances en materia de transversalizaci\u00f3n de la perspectiva de g\u00e9nero en el Gabinete Nacional, entre otras acciones.<\/p>\n<p>Este nuevo gabinete articular\u00e1 tambi\u00e9n los espacios ya creados para promover la transversalizaci\u00f3n de la perspectiva de g\u00e9nero en el Estado Nacional impulsados por el Ministerio de las Mujeres, G\u00e9neros y Diversidad, como los espacios de coordinaci\u00f3n interministerial para la implementaci\u00f3n de la Ley Micaela o del Plan Nacional contra las Violencias por motivos de g\u00e9nero.<\/p>\n","protected":false},"excerpt":{"rendered":"<p>La decisi\u00f3n busca crear una pol\u00edtica de g\u00e9nero transversal en todas las \u00e1reas del Estado &nbsp; &nbsp; El gobierno nacional cre\u00f3 el Gabinete Nacional para la Transversalizaci\u00f3n de las Pol\u00edticas de G\u00e9nero con el fin de garantizar la incorporaci\u00f3n de la perspectiva de g\u00e9nero en el dise\u00f1o e implementaci\u00f3n de todas las pol\u00edticas p\u00fablicas nacionales. Lo hizo a trav\u00e9s del Decreto 680\/2020, publicado este martes en el Bolet\u00edn Oficial, con la firma del presidente Alberto Fern\u00e1ndez; del jefe de Gabinete, Santiago Cafiero; y de la ministra de Mujeres, G\u00e9neros y&#8230;<\/p>\n","protected":false},"author":3,"featured_media":65623,"comment_status":"closed","ping_status":"closed","sticky":false,"template":"","format":"standard","meta":[],"categories":[18],"tags":[],"_links":{"self":[{"href":"https:\/\/www.actualidadadiario.com\/index.php\/wp-json\/wp\/v2\/posts\/65622"}],"collection":[{"href":"https:\/\/www.actualidadadiario.com\/index.php\/wp-json\/wp\/v2\/posts"}],"about":[{"href":"https:\/\/www.actualidadadiario.com\/index.php\/wp-json\/wp\/v2\/types\/post"}],"author":[{"embeddable":true,"href":"https:\/\/www.actualidadadiario.com\/index.php\/wp-json\/wp\/v2\/users\/3"}],"replies":[{"embeddable":true,"href":"https:\/\/www.actualidadadiario.com\/index.php\/wp-json\/wp\/v2\/comments?post=65622"}],"version-history":[{"count":1,"href":"https:\/\/www.actualidadadiario.com\/index.php\/wp-json\/wp\/v2\/posts\/65622\/revisions"}],"predecessor-version":[{"id":65624,"href":"https:\/\/www.actualidadadiario.com\/index.php\/wp-json\/wp\/v2\/posts\/65622\/revisions\/65624"}],"wp:featuredmedia":[{"embeddable":true,"href":"https:\/\/www.actualidadadiario.com\/index.php\/wp-json\/wp\/v2\/media\/65623"}],"wp:attachment":[{"href":"https:\/\/www.actualidadadiario.com\/index.php\/wp-json\/wp\/v2\/media?parent=65622"}],"wp:term":[{"taxonomy":"category","embeddable":true,"href":"https:\/\/www.actualidadadiario.com\/index.php\/wp-json\/wp\/v2\/categories?post=65622"},{"taxonomy":"post_tag","embeddable":true,"href":"https:\/\/www.actualidadadiario.com\/index.php\/wp-json\/wp\/v2\/tags?post=65622"}],"curies":[{"name":"wp","href":"https:\/\/api.w.org\/{rel}","templated":true}]}}