{"id":65592,"date":"2020-08-18T12:42:01","date_gmt":"2020-08-18T15:42:01","guid":{"rendered":"https:\/\/www.actualidadadiario.com\/?p=65592"},"modified":"2020-08-18T12:42:01","modified_gmt":"2020-08-18T15:42:01","slug":"este-martes-se-registraron-62-nuevos-casos-de-coronavirus-en-entre-rios","status":"publish","type":"post","link":"https:\/\/www.actualidadadiario.com\/index.php\/2020\/08\/18\/este-martes-se-registraron-62-nuevos-casos-de-coronavirus-en-entre-rios\/","title":{"rendered":"Este martes se registraron 62 nuevos casos de coronavirus en Entre R\u00edos"},"content":{"rendered":"<p style=\"text-align: center;\"><em><strong>El \u00e1rea de Vigilancia Epidemiol\u00f3gica, confirm\u00f3 que este martes en Entre R\u00edos se registraron 62 nuevos casos de coronavirus<\/strong><\/em><\/p>\n<p>&nbsp;<\/p>\n<p>&nbsp;<\/p>\n<p>&nbsp;<\/p>\n<p>Los primeros 39 fueron detectados en el Departamento Paran\u00e1, de los cuales 36 corresponden a la ciudad capital, nueve tuvieron contacto estrecho con casos confirmados previamente -uno confirmado por cl\u00ednica y nexo-, y de los 27 restantes, sus nexos epidemiol\u00f3gicos se encuentran en estudio.<\/p>\n<p>Asimismo, en la localidad de San Benito se confirm\u00f3 un nuevo caso, al igual que en la ciudad de Cerrito, ambos nexos epidemiol\u00f3gicos se encuentran en investigaci\u00f3n. El restante es de la localidad de Viale, el cual tuvo contacto estrecho con caso Covid-19 positivo.<\/p>\n<p>Finalmente, en la ciudad de Gualeguaych\u00fa se detectaron 23 nuevos casos, de los cuales 15 fueron contacto estrecho de confirmados previamente de Coronavirus -cuatro por cl\u00ednica y nexo- y de otros ocho pacientes sus respectivos nexos epidemiol\u00f3gicos se encuentran en investigaci\u00f3n.<\/p>\n<p>De ese modo, en la provincia son 1.720 los casos confirmados.<\/p>\n<p>&nbsp;<\/p>\n<p><strong>Deceso<\/strong><\/p>\n<p>Asimismo, el Ministerio de Salud confirm\u00f3 un nuevo fallecimiento asociado a Covid-19.<\/p>\n<p>Se trata de un hombre de 65 a\u00f1os oriundo de Paran\u00e1, con m\u00faltiples comorbilidades . El mismo se encontraba internado en el Hospital San Mart\u00edn de la ciudad capital.<\/p>\n<p>De esta manera, en Entre R\u00edos son 24 los fallecidos con Covid-19.<\/p>\n","protected":false},"excerpt":{"rendered":"<p>El \u00e1rea de Vigilancia Epidemiol\u00f3gica, confirm\u00f3 que este martes en Entre R\u00edos se registraron 62 nuevos casos de coronavirus &nbsp; &nbsp; &nbsp; Los primeros 39 fueron detectados en el Departamento Paran\u00e1, de los cuales 36 corresponden a la ciudad capital, nueve tuvieron contacto estrecho con casos confirmados previamente -uno confirmado por cl\u00ednica y nexo-, y de los 27 restantes, sus nexos epidemiol\u00f3gicos se encuentran en estudio. Asimismo, en la localidad de San Benito se confirm\u00f3 un nuevo caso, al igual que en la ciudad de Cerrito, ambos nexos epidemiol\u00f3gicos se&#8230;<\/p>\n","protected":false},"author":3,"featured_media":62875,"comment_status":"closed","ping_status":"closed","sticky":false,"template":"","format":"standard","meta":[],"categories":[9,15],"tags":[],"_links":{"self":[{"href":"https:\/\/www.actualidadadiario.com\/index.php\/wp-json\/wp\/v2\/posts\/65592"}],"collection":[{"href":"https:\/\/www.actualidadadiario.com\/index.php\/wp-json\/wp\/v2\/posts"}],"about":[{"href":"https:\/\/www.actualidadadiario.com\/index.php\/wp-json\/wp\/v2\/types\/post"}],"author":[{"embeddable":true,"href":"https:\/\/www.actualidadadiario.com\/index.php\/wp-json\/wp\/v2\/users\/3"}],"replies":[{"embeddable":true,"href":"https:\/\/www.actualidadadiario.com\/index.php\/wp-json\/wp\/v2\/comments?post=65592"}],"version-history":[{"count":1,"href":"https:\/\/www.actualidadadiario.com\/index.php\/wp-json\/wp\/v2\/posts\/65592\/revisions"}],"predecessor-version":[{"id":65593,"href":"https:\/\/www.actualidadadiario.com\/index.php\/wp-json\/wp\/v2\/posts\/65592\/revisions\/65593"}],"wp:featuredmedia":[{"embeddable":true,"href":"https:\/\/www.actualidadadiario.com\/index.php\/wp-json\/wp\/v2\/media\/62875"}],"wp:attachment":[{"href":"https:\/\/www.actualidadadiario.com\/index.php\/wp-json\/wp\/v2\/media?parent=65592"}],"wp:term":[{"taxonomy":"category","embeddable":true,"href":"https:\/\/www.actualidadadiario.com\/index.php\/wp-json\/wp\/v2\/categories?post=65592"},{"taxonomy":"post_tag","embeddable":true,"href":"https:\/\/www.actualidadadiario.com\/index.php\/wp-json\/wp\/v2\/tags?post=65592"}],"curies":[{"name":"wp","href":"https:\/\/api.w.org\/{rel}","templated":true}]}}