{"id":65586,"date":"2020-08-18T12:40:25","date_gmt":"2020-08-18T15:40:25","guid":{"rendered":"https:\/\/www.actualidadadiario.com\/?p=65586"},"modified":"2020-08-18T12:40:25","modified_gmt":"2020-08-18T15:40:25","slug":"giano-pondero-el-esfuerzo-de-los-comerciantes-de-concordia-en-la-pandemia","status":"publish","type":"post","link":"https:\/\/www.actualidadadiario.com\/index.php\/2020\/08\/18\/giano-pondero-el-esfuerzo-de-los-comerciantes-de-concordia-en-la-pandemia\/","title":{"rendered":"Giano ponder\u00f3 el esfuerzo de los comerciantes de Concordia en la pandemia"},"content":{"rendered":"<p style=\"text-align: center;\"><em><strong>En una nueva reuni\u00f3n virtual, esta vez con comerciantes de Concordia, el presidente de la C\u00e1mara de Diputados, \u00c1ngel Giano, escuch\u00f3 a representantes de distintos rubros para saber c\u00f3mo transitan esta situaci\u00f3n hist\u00f3rica por la que est\u00e1n atravesando, sus necesidades y c\u00f3mo utilizan la tecnolog\u00eda para seguir trabajando a pesar de la adversidad<\/strong><\/em><\/p>\n<p>&nbsp;<\/p>\n<p>&nbsp;<\/p>\n<p>En este nuevo encuentro con actores sociales -como lo viene haciendo en los \u00faltimos meses con docentes, estudiantes, trabajadores de la cultura, dirigentes deportivos y jubilados- Giano se interioriz\u00f3 sobre las experiencias de Gerardo Cornal\u00f3, que migr\u00f3 de la construcci\u00f3n a las huertas urbanas; Daniel Perez del rubro electricidad y electrodom\u00e9sticos; Mart\u00edn G\u00e1lvez, de la metal\u00fargica; Gaspar Mu\u00f1oz, ferreter\u00eda; Laura Moix, imprenta; Daniela Saco, sal\u00f3n de belleza; Araceli Godoy Medina, que produce comida vegana; Silvia Silveyra, peluquer\u00eda; Santiago Pedroso, ferreter\u00eda; Miguel Acevedo, tienda de ropas; Esteban Pereyra, due\u00f1o de una remiseria; Federico Villanueva,\u00a0 verduler\u00eda, y Fito Caseres, peluquer\u00eda.<\/p>\n<p>En este contexto, Araceli Medina, est\u00e1 en quinto a\u00f1o de la secundaria y cursa el Ciclo B\u00e1sico Com\u00fan (UBA) para ingresar a la Facultad de Medicina, desde hace dos meses tiene un emprendimiento de comida vegana que comercializa a trav\u00e9s de las redes sociales \u201ccon muy buena aceptaci\u00f3n\u201d afirma.<\/p>\n<p>Gaspar Mu\u00f1oz, es de Villa Adela y tiene un emprendimiento propio hace 8 a\u00f1os de ferreter\u00eda y explic\u00f3 que en cuanto a las ventas, no se vieron afectados \u201ctuvimos una demanda muy grande de materiales para los arreglos de la casa durante la cuarentena, hubo que acrecentar la atenci\u00f3n en las redes\u201d aunque s\u00ed tuvieron problemas de log\u00edstica \u201chay mercader\u00eda que no est\u00e1 ingresando\u201d.<\/p>\n<p>Daniel P\u00e9rez de Guerrero electricidad, coincide con Gaspar, si bien al principio durante los primeros d\u00edas este estuvimos cerrado por prevenci\u00f3n y porque no sab\u00edamos c\u00f3mo actuar durante la pandemia, \u201cla actividad de nosotros fue favorecida, porque la gente que no pudo salir a comer o hacer diferentes actividades y la plata que tiene la gasta en mejorar su casa o en el rubro electrodom\u00e9sticos, as\u00ed que no nos podemos quejar, pero si tuvimos problemas de log\u00edstica con los proveedores\u201d.<\/p>\n<p>Esteban Pereyra es propietario de remises Libre y afirma que fue uno de los rubros afectados, porque vivimos de cobro de la base y se pagan sueldos alquileres, impuestos que tuvimos que continuar pag\u00e1ndolos como la tasa comercial. Entre las preocupaciones destac\u00f3 la inseguridad a la que est\u00e1n expuestos con robos cada vez m\u00e1s violentos y el pr\u00f3ximo aumento de tarifas, \u201ctenemos dos aumentos anuales que hab\u00edamos pedido suspender porque son un golpe muy grande, la gente no tiene no tiene la plata para hacerse cargo de eso\u201d.<\/p>\n<p>Laura Moix hace impresiones online y \u201cla pandemia me afect\u00f3 un poco, sobre todo por el trabajo que ten\u00edamos con las escuelas, as\u00ed que tratamos con nuevos emprendimientos en forma virtual, haciendo mucha tarjeter\u00eda para comercios que comenzaron a comercializar en redes\u201d.<\/p>\n<p>Silvia Silveyra explic\u00f3 que \u201cel pase bastante mal, porque nosotros vivimos 60 d\u00edas sin trabajar en la peluquer\u00eda y quedamos en una situaci\u00f3n econ\u00f3micamente muy perjudicial, me atras\u00e9 en todo, si bien con la persona con la que trabajo me brind\u00f3 ayuda todo el tiempo, ella tambi\u00e9n se vio perjudicada por la inactividad. Lo que voy a hacer ahora es tramitar el monotributo para tener un beneficio\u201d finaliz\u00f3.<\/p>\n<p>Tras escuchar atentamente todas las experiencias, Giano felicito a todos y todas por el esp\u00edritu emprendedor y superador, y afirm\u00f3 que en t\u00e9rminos generales \u201cesta nueva normalidad nos ha permitido amigarnos con la tecnolog\u00eda, acercar un poco la brecha digital con los m\u00e1s j\u00f3venes e incorporar la comunicaci\u00f3n, la publicidad y hasta las reuniones de manera virtual, las cuales seguramente van a continuar cuando termine la pandemia\u201d.<\/p>\n<p>El presidente de la C\u00e1mara de Diputados, destac\u00f3 la coincidencia entre los participantes en resaltar el beneficio de los programas nacionales, como IFE, ATP o los cr\u00e9ditos a tasa cero como motor para la reinversi\u00f3n en el sistema econ\u00f3mico local a trav\u00e9s del consumo. \u201cEste es un c\u00edrculo virtuoso.\u201d<\/p>\n<p>\u201cLa mayor presencia estatal, ya sea del gobierno Nacional, de la Provincia y el Municipio genera en la sociedad una mirada de confianza y credibilidad, porque si el estado no hubiera inyectado en la econom\u00eda este tipo de recursos, estar\u00edamos mucho, much\u00edsimo peor\u201d, dijo Giano.<\/p>\n<p>Tambi\u00e9n afirm\u00f3 el legislador que hay sectores que ganan mucho dinero que no est\u00e1n bien grabados y tienen m\u00e1s beneficios que otros que deber\u00edan tener m\u00e1s, porque menos ingresos y trabajo tienen.<\/p>\n<p>\u201cMe parece que los debates que debe darse Argentina tienen que ver con una reforma tributaria progresista, para que se pague, pero de una manera diferente. Ojal\u00e1 que el gobierno nacional o nuestros legisladores nacionales, fundamentalmente, puedan avanzar en una reforma tributaria en este sentido, para que quienes tienen menos ingresos y trabajen sean los que menos paguen, en contraposici\u00f3n a los que m\u00e1s ingresos tienen -porque tienen m\u00e1s capital, m\u00e1s ganancias-\u00a0 sean los que m\u00e1s paguen, y eso de alguna manera nos va a permitir transitar por un pa\u00eds m\u00e1s justo, normal e igualitarios como se est\u00e1 reconstruyendo\u201d.<\/p>\n","protected":false},"excerpt":{"rendered":"<p>En una nueva reuni\u00f3n virtual, esta vez con comerciantes de Concordia, el presidente de la C\u00e1mara de Diputados, \u00c1ngel Giano, escuch\u00f3 a representantes de distintos rubros para saber c\u00f3mo transitan esta situaci\u00f3n hist\u00f3rica por la que est\u00e1n atravesando, sus necesidades y c\u00f3mo utilizan la tecnolog\u00eda para seguir trabajando a pesar de la adversidad &nbsp; &nbsp; En este nuevo encuentro con actores sociales -como lo viene haciendo en los \u00faltimos meses con docentes, estudiantes, trabajadores de la cultura, dirigentes deportivos y jubilados- Giano se interioriz\u00f3 sobre las experiencias de Gerardo Cornal\u00f3,&#8230;<\/p>\n","protected":false},"author":3,"featured_media":65587,"comment_status":"closed","ping_status":"closed","sticky":false,"template":"","format":"standard","meta":[],"categories":[15],"tags":[],"_links":{"self":[{"href":"https:\/\/www.actualidadadiario.com\/index.php\/wp-json\/wp\/v2\/posts\/65586"}],"collection":[{"href":"https:\/\/www.actualidadadiario.com\/index.php\/wp-json\/wp\/v2\/posts"}],"about":[{"href":"https:\/\/www.actualidadadiario.com\/index.php\/wp-json\/wp\/v2\/types\/post"}],"author":[{"embeddable":true,"href":"https:\/\/www.actualidadadiario.com\/index.php\/wp-json\/wp\/v2\/users\/3"}],"replies":[{"embeddable":true,"href":"https:\/\/www.actualidadadiario.com\/index.php\/wp-json\/wp\/v2\/comments?post=65586"}],"version-history":[{"count":1,"href":"https:\/\/www.actualidadadiario.com\/index.php\/wp-json\/wp\/v2\/posts\/65586\/revisions"}],"predecessor-version":[{"id":65588,"href":"https:\/\/www.actualidadadiario.com\/index.php\/wp-json\/wp\/v2\/posts\/65586\/revisions\/65588"}],"wp:featuredmedia":[{"embeddable":true,"href":"https:\/\/www.actualidadadiario.com\/index.php\/wp-json\/wp\/v2\/media\/65587"}],"wp:attachment":[{"href":"https:\/\/www.actualidadadiario.com\/index.php\/wp-json\/wp\/v2\/media?parent=65586"}],"wp:term":[{"taxonomy":"category","embeddable":true,"href":"https:\/\/www.actualidadadiario.com\/index.php\/wp-json\/wp\/v2\/categories?post=65586"},{"taxonomy":"post_tag","embeddable":true,"href":"https:\/\/www.actualidadadiario.com\/index.php\/wp-json\/wp\/v2\/tags?post=65586"}],"curies":[{"name":"wp","href":"https:\/\/api.w.org\/{rel}","templated":true}]}}