{"id":65578,"date":"2020-08-14T18:21:35","date_gmt":"2020-08-14T21:21:35","guid":{"rendered":"https:\/\/www.actualidadadiario.com\/?p=65578"},"modified":"2020-08-14T18:21:35","modified_gmt":"2020-08-14T21:21:35","slug":"paris-y-marsella-pasan-a-ser-zonas-de-riesgo-de-circulacion-del-coronavirus","status":"publish","type":"post","link":"https:\/\/www.actualidadadiario.com\/index.php\/2020\/08\/14\/paris-y-marsella-pasan-a-ser-zonas-de-riesgo-de-circulacion-del-coronavirus\/","title":{"rendered":"Par\u00eds y Marsella pasan a ser zonas de riesgo de circulaci\u00f3n del coronavirus"},"content":{"rendered":"<p style=\"text-align: center;\"><em><strong>Par\u00eds y el departamento franc\u00e9s de Bouches du Rh\u00f4ne, cuya capital es Marsella, est\u00e1n consideradas desde este viernes como \u201czonas activas\u201d de circulaci\u00f3n del coronavirus, una clasificaci\u00f3n que permite a los prefectos locales tomar medidas adicionales para contener el avance de la epidemia<\/strong><\/em><\/p>\n<p>&nbsp;<\/p>\n<p>El decreto publicado en el Bolet\u00edn Oficial del Estado autoriza a sus autoridades a limitar los desplazamientos de personas y veh\u00edculos, prohibir ciertas concentraciones de gente o cerrar de forma provisional restaurantes, museos o mercados, entre otros puntos, cuando se considere necesario.<\/p>\n<p>El uso obligatorio de mascarilla en ciertos espacios p\u00fablicos abiertos concurridos entr\u00f3 en vigor en Par\u00eds este pasado lunes y Marsella hab\u00eda aplicado esa misma medida el s\u00e1bado.<\/p>\n<p>El director general de Sanidad, J\u00e9r\u00f4me Salomon, justific\u00f3 este viernes que tanto Par\u00eds como el departamento de Bouches du Rh\u00f4ne sean zonas de riesgo. \u201cHay mucha gente, mucho flujo de poblaci\u00f3n, muchos transportes, muchos j\u00f3venes con una vida social intensa\u201d, recalc\u00f3 en la emisora France Inter, donde se\u00f1al\u00f3 que en t\u00e9rminos generales la situaci\u00f3n es \u201cpreocupante\u201d y se degrada \u201ccada semana\u201d, aunque \u201cno hay fatalidad\u201d.<\/p>\n<p>La tasa de incidencia del coronavirus en Par\u00eds fue de 65,7 casos por cada 100.000 habitantes en la semana del 4 al 10 de agosto, mientras que en Bouches du Rh\u00f4ne se situ\u00f3 en 53,7, por encima del nivel de alerta de 50.<\/p>\n<p>Francia ha anotado adem\u00e1s estos \u00faltimos d\u00edas sus cifras m\u00e1s altas de contagios desde mayo. La Direcci\u00f3n General de Sanidad indic\u00f3 este jueves que en las \u00faltimas 24 horas se registraron 2.699 contagios, adem\u00e1s de 18 muertes solo en los hospitales que elevan el total de fallecimientos a los 30.338 desde el inicio de la epidemia.<\/p>\n","protected":false},"excerpt":{"rendered":"<p>Par\u00eds y el departamento franc\u00e9s de Bouches du Rh\u00f4ne, cuya capital es Marsella, est\u00e1n consideradas desde este viernes como \u201czonas activas\u201d de circulaci\u00f3n del coronavirus, una clasificaci\u00f3n que permite a los prefectos locales tomar medidas adicionales para contener el avance de la epidemia &nbsp; El decreto publicado en el Bolet\u00edn Oficial del Estado autoriza a sus autoridades a limitar los desplazamientos de personas y veh\u00edculos, prohibir ciertas concentraciones de gente o cerrar de forma provisional restaurantes, museos o mercados, entre otros puntos, cuando se considere necesario. El uso obligatorio de&#8230;<\/p>\n","protected":false},"author":3,"featured_media":65579,"comment_status":"closed","ping_status":"closed","sticky":false,"template":"","format":"standard","meta":[],"categories":[4],"tags":[],"_links":{"self":[{"href":"https:\/\/www.actualidadadiario.com\/index.php\/wp-json\/wp\/v2\/posts\/65578"}],"collection":[{"href":"https:\/\/www.actualidadadiario.com\/index.php\/wp-json\/wp\/v2\/posts"}],"about":[{"href":"https:\/\/www.actualidadadiario.com\/index.php\/wp-json\/wp\/v2\/types\/post"}],"author":[{"embeddable":true,"href":"https:\/\/www.actualidadadiario.com\/index.php\/wp-json\/wp\/v2\/users\/3"}],"replies":[{"embeddable":true,"href":"https:\/\/www.actualidadadiario.com\/index.php\/wp-json\/wp\/v2\/comments?post=65578"}],"version-history":[{"count":1,"href":"https:\/\/www.actualidadadiario.com\/index.php\/wp-json\/wp\/v2\/posts\/65578\/revisions"}],"predecessor-version":[{"id":65580,"href":"https:\/\/www.actualidadadiario.com\/index.php\/wp-json\/wp\/v2\/posts\/65578\/revisions\/65580"}],"wp:featuredmedia":[{"embeddable":true,"href":"https:\/\/www.actualidadadiario.com\/index.php\/wp-json\/wp\/v2\/media\/65579"}],"wp:attachment":[{"href":"https:\/\/www.actualidadadiario.com\/index.php\/wp-json\/wp\/v2\/media?parent=65578"}],"wp:term":[{"taxonomy":"category","embeddable":true,"href":"https:\/\/www.actualidadadiario.com\/index.php\/wp-json\/wp\/v2\/categories?post=65578"},{"taxonomy":"post_tag","embeddable":true,"href":"https:\/\/www.actualidadadiario.com\/index.php\/wp-json\/wp\/v2\/tags?post=65578"}],"curies":[{"name":"wp","href":"https:\/\/api.w.org\/{rel}","templated":true}]}}