{"id":65560,"date":"2020-08-14T18:16:11","date_gmt":"2020-08-14T21:16:11","guid":{"rendered":"https:\/\/www.actualidadadiario.com\/?p=65560"},"modified":"2020-08-14T18:16:11","modified_gmt":"2020-08-14T21:16:11","slug":"se-reunio-el-gabinete-de-ciudadania-con-la-mirada-en-la-ampliacion-de-derechos","status":"publish","type":"post","link":"https:\/\/www.actualidadadiario.com\/index.php\/2020\/08\/14\/se-reunio-el-gabinete-de-ciudadania-con-la-mirada-en-la-ampliacion-de-derechos\/","title":{"rendered":"Se reuni\u00f3 el gabinete de Ciudadan\u00eda, con la mirada en la ampliaci\u00f3n de derechos"},"content":{"rendered":"<p style=\"text-align: center;\"><em><strong>El encuentro se realiz\u00f3 en el Sal\u00f3n de los Cient\u00edficos, en el marco de una semana en la que el Gobierno puso en funcionamiento cuatro gabinetes tem\u00e1ticos<\/strong><\/em><\/p>\n<p>&nbsp;<\/p>\n<p>&nbsp;<\/p>\n<p>El Jefe de Gabinete, Santiago Cafiero, encabez\u00f3 hoy la primera reuni\u00f3n del Gabinete de Ciudadan\u00eda, en la cual se analizaron diversas estrategias de acceso a servicios esenciales del Estado para todos los argentinos y se defini\u00f3 la profundizaci\u00f3n de las pol\u00edticas y programas de empleo focalizados en mujeres, g\u00e9neros y diversidades.<\/p>\n<p>El tema central de la reuni\u00f3n, realizada en el Sal\u00f3n de los Cient\u00edficos de la Casa de Gobierno, gir\u00f3 en torno al establecimiento de estrategias de acceso a servicios esenciales del Estado para todos los ciudadanos, teniendo en cuenta la nueva normalidad a trav\u00e9s de un trabajo interministerial que vincule la innovaci\u00f3n, ciencia y tecnolog\u00eda, inform\u00f3 la Jefatura de Gabinete en un comunicado.<\/p>\n<p>En esta l\u00ednea, se defini\u00f3 la profundizaci\u00f3n de las pol\u00edticas y programas de empleo focalizados en mujeres, g\u00e9neros y diversidades, y mayores canales de acceso a los servicios p\u00fablicos que brinda el Estado.<\/p>\n<p>La ministra de Seguridad, Sabina Frederic, destac\u00f3 luego del encuentro que \u201cse trabajar\u00e1 para generar un plan de prevenci\u00f3n de las muertes violentas, una iniciativa que involucra varios ministerios, como Salud, Transporte, Justicia, G\u00e9nero y por supuesto la cartera de Seguridad\u201d.<\/p>\n<p>Dijo que tambi\u00e9n se busca &#8220;profundizar los programas de lucha contra la violencia institucional&#8221; y asumi\u00f3 que la cuesti\u00f3n le &#8220;preocupa profundamente, a trav\u00e9s de la de conformaci\u00f3n de una mesa de prevenci\u00f3n que involucra a varios ministerios\u201d.<\/p>\n<p>Adem\u00e1s, \u201cse trabaj\u00f3 y se plante\u00f3 el desarrollo de una pol\u00edtica territorial con un mapeo de la problem\u00e1tica social que tiene muy desarrollado el \u00e1rea del ministro de Desarrollo Social, Daniel Arroyo\u201d, dijo Frederic.<\/p>\n<p>Defini\u00f3 al encuentro como \u201cuna reuni\u00f3n de trabajo, la primera de este gabinete tem\u00e1tico&#8221; y explic\u00f3 que lo que se hizo fue &#8220;identificar los temas transversales a todos los ministerios&#8221; presentes en el encuentro y tomar &#8220;la agenda anterior a la pandemia para recuperarla en esta etapa\u201d.<\/p>\n<p>Por su parte, el ministro de Ciencia, Tecnolog\u00eda e Innovaci\u00f3n, Roberto Salvarezza, anticip\u00f3 que van a \u201cahondar en pol\u00edticas p\u00fablicas&#8221; que permitan &#8220;armar planes concretos para resolver temas que hacen al bienestar de los ciudadanos.\u201d<\/p>\n<p>Destac\u00f3 el rol que desempe\u00f1a la ciencia en esta tarea \u201cque se convierte en un elemento imprescindible para dar respuesta a la sociedad frente a la pandemia\u201d.<\/p>\n<p>\u201cHemos revalorizado el sistema de salud, pero tambi\u00e9n el sistema de ciencia con la producci\u00f3n de elementos locales con capacidad cient\u00edfica y de diagn\u00f3stico como el anuncio reciente de la vacuna que demuestra que el pa\u00eds tiene una alta tecnolog\u00eda, que garantizar\u00e1 s\u00f3lo el bienestar a nuestros ciudadanos, sino que es un bien que compartimos con toda la regi\u00f3n latinoamericana\u201d, asegur\u00f3.<\/p>\n<p>Adem\u00e1s de Frederic y Salvarezza, participaron de la reuni\u00f3n los ministros de Defensa, Agust\u00edn Rossi; Desarrollo Social, Daniel Arroyo; Educaci\u00f3n, Nicol\u00e1s Trotta; Mujeres, G\u00e9neros y Diversidad, Elizabeth G\u00f3mez Alcorta; de Justicia y Derechos Humanos, Marcela Losardo; Salud, Gin\u00e9s Gonz\u00e1lez Garc\u00eda, y la vicejefa de Gabinete, Cecilia Todesca Bocco.<\/p>\n<p>Tambi\u00e9n estuvieron presentes la titular de la Unidad de Gabinete de Asesores de la Jefatura de Gabinete, Luciana Tito, y el subsecretario de Relaciones Financieras Internacionales para el Desarrollo de la Secretar\u00eda de Asuntos Estrat\u00e9gicos, Christian Asinelli.<\/p>\n","protected":false},"excerpt":{"rendered":"<p>El encuentro se realiz\u00f3 en el Sal\u00f3n de los Cient\u00edficos, en el marco de una semana en la que el Gobierno puso en funcionamiento cuatro gabinetes tem\u00e1ticos &nbsp; &nbsp; El Jefe de Gabinete, Santiago Cafiero, encabez\u00f3 hoy la primera reuni\u00f3n del Gabinete de Ciudadan\u00eda, en la cual se analizaron diversas estrategias de acceso a servicios esenciales del Estado para todos los argentinos y se defini\u00f3 la profundizaci\u00f3n de las pol\u00edticas y programas de empleo focalizados en mujeres, g\u00e9neros y diversidades. El tema central de la reuni\u00f3n, realizada en el Sal\u00f3n&#8230;<\/p>\n","protected":false},"author":3,"featured_media":65561,"comment_status":"closed","ping_status":"closed","sticky":false,"template":"","format":"standard","meta":[],"categories":[18],"tags":[],"_links":{"self":[{"href":"https:\/\/www.actualidadadiario.com\/index.php\/wp-json\/wp\/v2\/posts\/65560"}],"collection":[{"href":"https:\/\/www.actualidadadiario.com\/index.php\/wp-json\/wp\/v2\/posts"}],"about":[{"href":"https:\/\/www.actualidadadiario.com\/index.php\/wp-json\/wp\/v2\/types\/post"}],"author":[{"embeddable":true,"href":"https:\/\/www.actualidadadiario.com\/index.php\/wp-json\/wp\/v2\/users\/3"}],"replies":[{"embeddable":true,"href":"https:\/\/www.actualidadadiario.com\/index.php\/wp-json\/wp\/v2\/comments?post=65560"}],"version-history":[{"count":1,"href":"https:\/\/www.actualidadadiario.com\/index.php\/wp-json\/wp\/v2\/posts\/65560\/revisions"}],"predecessor-version":[{"id":65562,"href":"https:\/\/www.actualidadadiario.com\/index.php\/wp-json\/wp\/v2\/posts\/65560\/revisions\/65562"}],"wp:featuredmedia":[{"embeddable":true,"href":"https:\/\/www.actualidadadiario.com\/index.php\/wp-json\/wp\/v2\/media\/65561"}],"wp:attachment":[{"href":"https:\/\/www.actualidadadiario.com\/index.php\/wp-json\/wp\/v2\/media?parent=65560"}],"wp:term":[{"taxonomy":"category","embeddable":true,"href":"https:\/\/www.actualidadadiario.com\/index.php\/wp-json\/wp\/v2\/categories?post=65560"},{"taxonomy":"post_tag","embeddable":true,"href":"https:\/\/www.actualidadadiario.com\/index.php\/wp-json\/wp\/v2\/tags?post=65560"}],"curies":[{"name":"wp","href":"https:\/\/api.w.org\/{rel}","templated":true}]}}