{"id":65558,"date":"2020-08-14T18:15:16","date_gmt":"2020-08-14T21:15:16","guid":{"rendered":"https:\/\/www.actualidadadiario.com\/?p=65558"},"modified":"2020-08-14T18:15:16","modified_gmt":"2020-08-14T21:15:16","slug":"guzman-preve-que-el-acuerdo-con-el-fmi-puede-sellarse-a-principios-del-ano-que-viene","status":"publish","type":"post","link":"https:\/\/www.actualidadadiario.com\/index.php\/2020\/08\/14\/guzman-preve-que-el-acuerdo-con-el-fmi-puede-sellarse-a-principios-del-ano-que-viene\/","title":{"rendered":"Guzm\u00e1n prev\u00e9 que el acuerdo con el FMI puede &#8220;sellarse a principios del a\u00f1o que viene&#8221;"},"content":{"rendered":"<p style=\"text-align: center;\"><em><strong>El ministro de Econom\u00eda anticip\u00f3 cu\u00e1les ser\u00e1n las nuevas metas en materia de desendeudamiento y repas\u00f3 los paquetes asistenciales desplegados en el marco de la pandemia<\/strong><\/em><\/p>\n<p>&nbsp;<\/p>\n<p>&nbsp;<\/p>\n<p>&nbsp;<\/p>\n<p>Despu\u00e9s de haber lograr cerrar el acuerdo con los acreedores de bonos bajo legislaci\u00f3n extranjera, el ministro de Econom\u00eda, Mart\u00edn Guzm\u00e1n, brind\u00f3 una conferencia de prensa ante periodistas internacionales, en la que repas\u00f3 los puntos m\u00e1s trascendentales a corto plazo y estim\u00f3 el tiempo de negociaci\u00f3n que demandar\u00e1 el entendimiento con el Fondo Monetario Internacional ( FMI).<\/p>\n<p>\u201cLa deuda contra\u00edda en 2018 se hizo en poco tiempo y no hubo debate p\u00fablico. Adem\u00e1s, tuvo lugar un a\u00f1o antes de las elecciones presidenciales\u201d, subray\u00f3 Guzm\u00e1n en la entrevista en la que particip\u00f3 el diario brasile\u00f1o Folha de Sao Paulo.<\/p>\n<p>En este sentido, el jefe de la cartera de econ\u00f3mica adelant\u00f3 que las negociaciones por la deuda de USD44 millones contra\u00edda durante el gobierno de Mauricio Macri \u201cllevar\u00e1 meses, no semanas\u201d, y que el programa al que se hab\u00eda suscrito el pa\u00eds &#8220;fue visto por muchos como un pr\u00e9stamo pol\u00edtico, es decir, como un apoyo al Gobierno anterior&#8221;.<\/p>\n<p>\u201cNo hubo una legitimidad percibida sobre las premisas en que se basaba ese programa, contracci\u00f3n fiscal junto a contracci\u00f3n monetaria en un contexto de recesi\u00f3n. Eso gener\u00f3 una ca\u00edda de la demanda agregada y agrav\u00f3 la recesi\u00f3n. La contracci\u00f3n monetaria no estabiliz\u00f3 los precios, sino que persisti\u00f3 la inflaci\u00f3n y hubo una ca\u00edda de la base monetaria en t\u00e9rminos reales. Lo cual encareci\u00f3 el cr\u00e9dito: la tasa efectiva lleg\u00f3 a superar el 80% anual\u201d, puntualiz\u00f3 Guzm\u00e1n.<\/p>\n<p>De cara a lo que ser\u00e1 el inicio de las negociaciones con la entidad crediticia, el ministro se\u00f1al\u00f3 que espera que las nuevas discusiones &#8220;sean m\u00e1s profundas y que la sociedad est\u00e9 m\u00e1s involucrada y mejor informada&#8221;, para luego estimar: &#8220;Es probable que solo lleguemos a un entendimiento a principios del pr\u00f3ximo a\u00f1o&#8221;.<\/p>\n<p>&nbsp;<\/p>\n<p><strong>Econom\u00eda en tiempos de pandemia<\/strong><\/p>\n<p>Al ser consultado por las metas a corto plazo tras el impacto del coronavirus, Mart\u00edn Guzm\u00e1n destac\u00f3 &#8220;lo primordial es tranquilizar la econom\u00eda&#8221;.<\/p>\n<p>\u201cEn lo inmediato ser\u00e1 fundamental impulsar el mercado interno porque hay gran cantidad de recursos productivos ociosos. Al mismo tiempo deben darse las condiciones para que las exportaciones crezcan tambi\u00e9n, porque de lo contrario la recuperaci\u00f3n ser\u00e1 ef\u00edmera, algo com\u00fan en la historia argentina: crece el mercado interno y demanda divisas, y al poco tiempo aparecen problemas en la balanza de pagos porque el consumo de divisas no va acompa\u00f1ado de producci\u00f3n de divisas, es decir, exportaciones\u201d, consider\u00f3.<\/p>\n<p>&nbsp;<\/p>\n<p><strong>Relaci\u00f3n con Brasil<\/strong><\/p>\n<p>Con el reciente arribo del embajador Daniel Scioli, y la b\u00fasqueda por inaugurar una nueva etapa en la relaci\u00f3n bilateral con la administraci\u00f3n de Jair Bolsonaro, el ministro de Econom\u00eda explic\u00f3 que \u201ces este contexto, es dif\u00edcil realizar reuniones&#8221; con su par brasile\u00f1o Paulo Guedes.<\/p>\n<p>&#8220;Es cierto que tenemos que profundizar la relaci\u00f3n, lo cual es importante para ambos pa\u00edses y para Am\u00e9rica Latina\u201d, reconoci\u00f3 el funcionario, sin embargo desestim\u00f3 que la falta de di\u00e1logo no se trate por cuestiones ideol\u00f3gicas: &#8220;somos pragm\u00e1ticos al respecto\u201d, destac\u00f3.<\/p>\n","protected":false},"excerpt":{"rendered":"<p>El ministro de Econom\u00eda anticip\u00f3 cu\u00e1les ser\u00e1n las nuevas metas en materia de desendeudamiento y repas\u00f3 los paquetes asistenciales desplegados en el marco de la pandemia &nbsp; &nbsp; &nbsp; Despu\u00e9s de haber lograr cerrar el acuerdo con los acreedores de bonos bajo legislaci\u00f3n extranjera, el ministro de Econom\u00eda, Mart\u00edn Guzm\u00e1n, brind\u00f3 una conferencia de prensa ante periodistas internacionales, en la que repas\u00f3 los puntos m\u00e1s trascendentales a corto plazo y estim\u00f3 el tiempo de negociaci\u00f3n que demandar\u00e1 el entendimiento con el Fondo Monetario Internacional ( FMI). \u201cLa deuda contra\u00edda en&#8230;<\/p>\n","protected":false},"author":3,"featured_media":63556,"comment_status":"closed","ping_status":"closed","sticky":false,"template":"","format":"standard","meta":[],"categories":[18],"tags":[],"_links":{"self":[{"href":"https:\/\/www.actualidadadiario.com\/index.php\/wp-json\/wp\/v2\/posts\/65558"}],"collection":[{"href":"https:\/\/www.actualidadadiario.com\/index.php\/wp-json\/wp\/v2\/posts"}],"about":[{"href":"https:\/\/www.actualidadadiario.com\/index.php\/wp-json\/wp\/v2\/types\/post"}],"author":[{"embeddable":true,"href":"https:\/\/www.actualidadadiario.com\/index.php\/wp-json\/wp\/v2\/users\/3"}],"replies":[{"embeddable":true,"href":"https:\/\/www.actualidadadiario.com\/index.php\/wp-json\/wp\/v2\/comments?post=65558"}],"version-history":[{"count":1,"href":"https:\/\/www.actualidadadiario.com\/index.php\/wp-json\/wp\/v2\/posts\/65558\/revisions"}],"predecessor-version":[{"id":65559,"href":"https:\/\/www.actualidadadiario.com\/index.php\/wp-json\/wp\/v2\/posts\/65558\/revisions\/65559"}],"wp:featuredmedia":[{"embeddable":true,"href":"https:\/\/www.actualidadadiario.com\/index.php\/wp-json\/wp\/v2\/media\/63556"}],"wp:attachment":[{"href":"https:\/\/www.actualidadadiario.com\/index.php\/wp-json\/wp\/v2\/media?parent=65558"}],"wp:term":[{"taxonomy":"category","embeddable":true,"href":"https:\/\/www.actualidadadiario.com\/index.php\/wp-json\/wp\/v2\/categories?post=65558"},{"taxonomy":"post_tag","embeddable":true,"href":"https:\/\/www.actualidadadiario.com\/index.php\/wp-json\/wp\/v2\/tags?post=65558"}],"curies":[{"name":"wp","href":"https:\/\/api.w.org\/{rel}","templated":true}]}}