{"id":65555,"date":"2020-08-14T18:14:28","date_gmt":"2020-08-14T21:14:28","guid":{"rendered":"https:\/\/www.actualidadadiario.com\/?p=65555"},"modified":"2020-08-14T18:14:28","modified_gmt":"2020-08-14T21:14:28","slug":"victoria-tolosa-paz-es-nombrada-presidenta-del-consejo-nacional-de-politicas-sociales","status":"publish","type":"post","link":"https:\/\/www.actualidadadiario.com\/index.php\/2020\/08\/14\/victoria-tolosa-paz-es-nombrada-presidenta-del-consejo-nacional-de-politicas-sociales\/","title":{"rendered":"Victoria Tolosa Paz es nombrada Presidenta del Consejo Nacional de Pol\u00edticas Sociales"},"content":{"rendered":"<p style=\"text-align: center;\"><em><strong>Fue oficializado hoy mediante el decreto 667\/2020, que lleva las firmas de Alberto Fern\u00e1ndez y Santiago Cafiero<\/strong><\/em><\/p>\n<p>&nbsp;<\/p>\n<p>&nbsp;<\/p>\n<p>Con este nombramiento, Victoria Tolosa Paz avanza y toma poder sobre las pol\u00edticas sociales, que en un principio estaban a cargo del Ministro de Desarrollo Social, Daniel Arroyo.<\/p>\n<p>El Gobierno nacional oficializ\u00f3 hoy el nombramiento de Victoria Tolosa Paz como presidenta del Consejo Nacional de Coordinaci\u00f3n de Pol\u00edticas Sociales (CNPS).<\/p>\n<p>El nombramiento ocurri\u00f3 hoy, mediante el Decreto 667\/2020, el cual lleva la firma del presidente Alberto Fern\u00e1ndez, y del Jefe de Gabinete, Santiago Cafiero.<\/p>\n<p>El consejo es un organismo que depende directamente de Presidencia de la Naci\u00f3n, y tiene como funci\u00f3n la organizaci\u00f3n de las \u00e1reas del Estado Nacional que implementan pol\u00edticas sociales.<\/p>\n<p>En este cargo, Tolosa Paz, llevar\u00e1 acabo la planificaci\u00f3n y estrategias de pol\u00edticas y programas sociales de corto, mediano y largo plazo. Tambi\u00e9n implementar\u00e1 acciones conjuntamente con las organizaciones sociales y el sector privado en el desarrollo.<\/p>\n","protected":false},"excerpt":{"rendered":"<p>Fue oficializado hoy mediante el decreto 667\/2020, que lleva las firmas de Alberto Fern\u00e1ndez y Santiago Cafiero &nbsp; &nbsp; Con este nombramiento, Victoria Tolosa Paz avanza y toma poder sobre las pol\u00edticas sociales, que en un principio estaban a cargo del Ministro de Desarrollo Social, Daniel Arroyo. El Gobierno nacional oficializ\u00f3 hoy el nombramiento de Victoria Tolosa Paz como presidenta del Consejo Nacional de Coordinaci\u00f3n de Pol\u00edticas Sociales (CNPS). El nombramiento ocurri\u00f3 hoy, mediante el Decreto 667\/2020, el cual lleva la firma del presidente Alberto Fern\u00e1ndez, y del Jefe de&#8230;<\/p>\n","protected":false},"author":3,"featured_media":65556,"comment_status":"closed","ping_status":"closed","sticky":false,"template":"","format":"standard","meta":[],"categories":[18],"tags":[],"_links":{"self":[{"href":"https:\/\/www.actualidadadiario.com\/index.php\/wp-json\/wp\/v2\/posts\/65555"}],"collection":[{"href":"https:\/\/www.actualidadadiario.com\/index.php\/wp-json\/wp\/v2\/posts"}],"about":[{"href":"https:\/\/www.actualidadadiario.com\/index.php\/wp-json\/wp\/v2\/types\/post"}],"author":[{"embeddable":true,"href":"https:\/\/www.actualidadadiario.com\/index.php\/wp-json\/wp\/v2\/users\/3"}],"replies":[{"embeddable":true,"href":"https:\/\/www.actualidadadiario.com\/index.php\/wp-json\/wp\/v2\/comments?post=65555"}],"version-history":[{"count":1,"href":"https:\/\/www.actualidadadiario.com\/index.php\/wp-json\/wp\/v2\/posts\/65555\/revisions"}],"predecessor-version":[{"id":65557,"href":"https:\/\/www.actualidadadiario.com\/index.php\/wp-json\/wp\/v2\/posts\/65555\/revisions\/65557"}],"wp:featuredmedia":[{"embeddable":true,"href":"https:\/\/www.actualidadadiario.com\/index.php\/wp-json\/wp\/v2\/media\/65556"}],"wp:attachment":[{"href":"https:\/\/www.actualidadadiario.com\/index.php\/wp-json\/wp\/v2\/media?parent=65555"}],"wp:term":[{"taxonomy":"category","embeddable":true,"href":"https:\/\/www.actualidadadiario.com\/index.php\/wp-json\/wp\/v2\/categories?post=65555"},{"taxonomy":"post_tag","embeddable":true,"href":"https:\/\/www.actualidadadiario.com\/index.php\/wp-json\/wp\/v2\/tags?post=65555"}],"curies":[{"name":"wp","href":"https:\/\/api.w.org\/{rel}","templated":true}]}}