{"id":65547,"date":"2020-08-14T18:11:54","date_gmt":"2020-08-14T21:11:54","guid":{"rendered":"https:\/\/www.actualidadadiario.com\/?p=65547"},"modified":"2020-08-14T18:11:54","modified_gmt":"2020-08-14T21:11:54","slug":"el-senado-revisara-los-traslados-irregulares-de-dos-jueces-claves-de-la-era-macri","status":"publish","type":"post","link":"https:\/\/www.actualidadadiario.com\/index.php\/2020\/08\/14\/el-senado-revisara-los-traslados-irregulares-de-dos-jueces-claves-de-la-era-macri\/","title":{"rendered":"El Senado revisar\u00e1 los traslados irregulares de dos jueces claves de la era Macri"},"content":{"rendered":"<p style=\"text-align: center;\"><em><strong>Se trata de Leopoldo Bruglia y Pablo Bertuzzi. Ambos pasaron a la estrat\u00e9gica C\u00e1mara Federal de Comodoro Py<\/strong><\/em><\/p>\n<p>&nbsp;<\/p>\n<p>&nbsp;<\/p>\n<p>El Senado le dio ingreso este jueves a los pedidos de acuerdo enviados por el Ejecutivo para analizar los traslados irregulares de los jueces Leopoldo Bruglia y Pablo Bertuzzi a la Sala I de la C\u00e1mara Nacional de Apelaciones en lo Criminal y Correccional Federal de Comodoro Py. Bruglia y Bertuzzi hab\u00edan llegado a esos lugares claves por decisi\u00f3n del expresidente Macri y sin pasar por el acuerdo del Senado, como indica la Constituci\u00f3n. Bertuzzi hab\u00eda recibido su ascenso luego de condenar al exvicepresidente Amado Boudou en la causa Ciccone. Hoy, Juntos por el Cambio pidi\u00f3 no darle estado parlamentario al pedido, pero el oficialismo afirm\u00f3 que el tema se revisar\u00e1 en la Comisi\u00f3n de Acuerdos.<\/p>\n<p>Previo a la sesi\u00f3n, en horas de la ma\u00f1ana, la C\u00e1mara Alta hab\u00eda recibido de manera electr\u00f3nica la orden de la jueza en lo contencioso administrativo federal Mar\u00eda Biotti, para que el cuerpo legislativo se abstuviera en lo concerniente al traslado de Bruglia y Bertuzzi.<\/p>\n<p>En el recinto \u201cvirtual\u201d, el senador nacional Mario Pais (Frente de Todos) pidi\u00f3 una cuesti\u00f3n de privilegio contra Biotti. El legislador calific\u00f3 la decisi\u00f3n de la jueza de \u201cgravedad institucional\u201d, \u201carbitraria\u201d y hasta de incurrir en \u201cabuso de poder\u201d desconociendo la Constituci\u00f3n.<\/p>\n<p>El senador consider\u00f3 que \u201ccomo medida cautelar, impedir que funcione el Senado en ejercicio de sus funciones respecto de analizar los acuerdos a magistrados y funcionarios\u201d constituye \u201cun alzamiento a la Constituci\u00f3n y una violaci\u00f3n de la soberan\u00eda popular de los legisladores\u201d.<\/p>\n<p>Desde la bancada opositora se hicieron eco de la medida cautelar para pedir que se retiren los pedidos del Poder Ejecutivo relacionados al tema. El jefe del bloque de Juntos por el Cambio, Luis Naidenoff, cit\u00f3 el art\u00edculo 22 del reglamento del Senado, que establece que los mensajes del Poder Ejecutivo solicitando acuerdos tendr\u00e1n entrada o ingreso en sesi\u00f3n p\u00fablica. \u201cPor lo que estos pliegos por ingreso no se votan sino que se le da lectura y a partir de su entrada se dispara todo el proceso de tramitaci\u00f3n de impugnaciones\u201d, se\u00f1al\u00f3.<\/p>\n<p>Naidenoff manifest\u00f3 que \u201cindependientemente de que un fallo pueda o no gustar, se tienen que cumplir. Si no estamos de acuerdo con la decisi\u00f3n de un magistrado, existen recursos concretos para revertir la decisi\u00f3n de un juez o una cautelar, pero no podemos realizar un desacato\u201d. \u201cMientras esta cautelar se encuentre firme, el Senado no tiene competencia para tratar este pedido de traslado porque los decretos de designaci\u00f3n del Poder Ejecutivo se encuentran firmes\u201d, agreg\u00f3.<\/p>\n<p>A su turno, el titular del bloque del FDT, Jos\u00e9 Mayans, calific\u00f3 la orden judicial como \u201cun atropello a las funciones del Parlamento\u201d. \u201cYo no le puedo decir al presidente que no env\u00ede tal o cual pliego y nadie nos puede decir a nosotros lo que tenemos que hacer como parlamentarios\u201d, afirm\u00f3<\/p>\n<p>Y Anabel Fern\u00e1ndez Sagasti (FDT), presidenta de la Comisi\u00f3n de Acuerdos, denunci\u00f3 un \u201coportunismo lamentable de la oposici\u00f3n para impedir que se le d\u00e9 lectura a pliegos enviados por el Poder Ejecutivo\u201d. Luego agreg\u00f3 que \u201cla comunicaci\u00f3n no est\u00e1 firme y que adem\u00e1s lo que estamos pidiendo es que se d\u00e9 lectura para salvaguardar el principio de publicidad de los actos de gobierno. Es para que todos los ciudadanos del pa\u00eds puedan anoticiarse de los pliegos que ha mandado el ejecutivo nacional\u201d.<\/p>\n<p>&nbsp;<\/p>\n<p><strong>Alfons\u00edn a Espa\u00f1a<\/strong><\/p>\n<p>Durante la sesi\u00f3n tambi\u00e9n se aprob\u00f3 la designaci\u00f3n de tres nuevos embajadores con 68 votos positivos y dos abstenciones. Est\u00e1n listos para ocupar sus cargos Ricardo Alfons\u00edn, como embajador en Espa\u00f1a, Daniel Capitanich &#8211; hermano del gobernador de Chaco- como embajador en Nicaragua y a Hern\u00e1n Pati\u00f1o Mayer, como embajador en Hungr\u00eda.<\/p>\n","protected":false},"excerpt":{"rendered":"<p>Se trata de Leopoldo Bruglia y Pablo Bertuzzi. Ambos pasaron a la estrat\u00e9gica C\u00e1mara Federal de Comodoro Py &nbsp; &nbsp; El Senado le dio ingreso este jueves a los pedidos de acuerdo enviados por el Ejecutivo para analizar los traslados irregulares de los jueces Leopoldo Bruglia y Pablo Bertuzzi a la Sala I de la C\u00e1mara Nacional de Apelaciones en lo Criminal y Correccional Federal de Comodoro Py. Bruglia y Bertuzzi hab\u00edan llegado a esos lugares claves por decisi\u00f3n del expresidente Macri y sin pasar por el acuerdo del Senado,&#8230;<\/p>\n","protected":false},"author":3,"featured_media":65548,"comment_status":"closed","ping_status":"closed","sticky":false,"template":"","format":"standard","meta":[],"categories":[18],"tags":[],"_links":{"self":[{"href":"https:\/\/www.actualidadadiario.com\/index.php\/wp-json\/wp\/v2\/posts\/65547"}],"collection":[{"href":"https:\/\/www.actualidadadiario.com\/index.php\/wp-json\/wp\/v2\/posts"}],"about":[{"href":"https:\/\/www.actualidadadiario.com\/index.php\/wp-json\/wp\/v2\/types\/post"}],"author":[{"embeddable":true,"href":"https:\/\/www.actualidadadiario.com\/index.php\/wp-json\/wp\/v2\/users\/3"}],"replies":[{"embeddable":true,"href":"https:\/\/www.actualidadadiario.com\/index.php\/wp-json\/wp\/v2\/comments?post=65547"}],"version-history":[{"count":1,"href":"https:\/\/www.actualidadadiario.com\/index.php\/wp-json\/wp\/v2\/posts\/65547\/revisions"}],"predecessor-version":[{"id":65549,"href":"https:\/\/www.actualidadadiario.com\/index.php\/wp-json\/wp\/v2\/posts\/65547\/revisions\/65549"}],"wp:featuredmedia":[{"embeddable":true,"href":"https:\/\/www.actualidadadiario.com\/index.php\/wp-json\/wp\/v2\/media\/65548"}],"wp:attachment":[{"href":"https:\/\/www.actualidadadiario.com\/index.php\/wp-json\/wp\/v2\/media?parent=65547"}],"wp:term":[{"taxonomy":"category","embeddable":true,"href":"https:\/\/www.actualidadadiario.com\/index.php\/wp-json\/wp\/v2\/categories?post=65547"},{"taxonomy":"post_tag","embeddable":true,"href":"https:\/\/www.actualidadadiario.com\/index.php\/wp-json\/wp\/v2\/tags?post=65547"}],"curies":[{"name":"wp","href":"https:\/\/api.w.org\/{rel}","templated":true}]}}