{"id":65515,"date":"2020-08-14T18:01:25","date_gmt":"2020-08-14T21:01:25","guid":{"rendered":"https:\/\/www.actualidadadiario.com\/?p=65515"},"modified":"2020-08-14T18:01:25","modified_gmt":"2020-08-14T21:01:25","slug":"entre-rios-solicito-regionalizar-la-exportacion-de-citricos-ante-la-decision-tomada-por-la-union-europea","status":"publish","type":"post","link":"https:\/\/www.actualidadadiario.com\/index.php\/2020\/08\/14\/entre-rios-solicito-regionalizar-la-exportacion-de-citricos-ante-la-decision-tomada-por-la-union-europea\/","title":{"rendered":"Entre R\u00edos solicit\u00f3 regionalizar la exportaci\u00f3n de c\u00edtricos ante la decisi\u00f3n tomada por la Uni\u00f3n Europea"},"content":{"rendered":"<p style=\"text-align: center;\"><em><strong>El ministro de Producci\u00f3n, Juan Jos\u00e9 Bahillo, se comunic\u00f3 con su par de Agricultura de la Naci\u00f3n, Luis Basterra, y propuso que se realicen las gestiones necesarias para regionalizar la exportaci\u00f3n de c\u00edtricos, teniendo en cuenta que las frutas del NEA no presentaron ninguna detecci\u00f3n de mancha negra<\/strong><\/em><\/p>\n<p>&nbsp;<\/p>\n<p>&nbsp;<\/p>\n<p>Bahillo lament\u00f3 la decisi\u00f3n de la Uni\u00f3n Europea, \u201cque desoy\u00f3 la solicitud hecha por la Canciller\u00eda Argentina para que se aplique el concepto de regionalizaci\u00f3n, que resultar\u00eda procedente, y excluir de la restricci\u00f3n a los c\u00edtricos dulces producidos y exportados desde el NEA, que no han tenido ninguna reclamo de la autoridad sanitaria comunitaria. Es un principio que rige nuestra relaci\u00f3n comercial bilateral de alimentos\u201d, afirm\u00f3 el titular de la cartera productiva.<\/p>\n<p>La decisi\u00f3n adoptada en forma unilateral por la Uni\u00f3n Europea de no permitir el ingreso de c\u00edtricos argentinos, se fundamenta por la detecci\u00f3n de unas partidas de naranjas y limones, provenientes de Jujuy, Salta y Tucum\u00e1n, con rastros de lo que se denomina \u201cmancha negra\u201d, una enfermedad que afecta la calidad externa de los c\u00edtricos. Esta afecci\u00f3n en la fruta puede permanecer latente por un largo tiempo hasta que se presenten los primeros s\u00edntomas inclusive despu\u00e9s de la cosecha.<\/p>\n<p>En este marco, la medida que regir\u00e1 desde este domingo y hasta abril de 2021, afecta significativamente al sector citr\u00edcola entrerriano, no s\u00f3lo porque es una provincia que se posiciona en los principales puestos de producci\u00f3n nacional, sino adem\u00e1s, porque esta prohibici\u00f3n se da justo para uno de los principales mercados donde se destina la fruta y en plena temporada alta de exportaci\u00f3n.<\/p>\n<p>Seg\u00fan se\u00f1al\u00f3 el secretario de Agricultura y Ganader\u00eda de la provincia, Lucio Amavet, \u201cEntre R\u00edos, exporta el 80 por ciento de su producci\u00f3n a la Uni\u00f3n Europea: unas 40.000 toneladas de c\u00edtricos dulces; y hasta el momento s\u00f3lo hab\u00eda partido el 20 por ciento de ese total. De esta manera, si la cotizaci\u00f3n actual ronda los 800 d\u00f3lares la tonelada; las p\u00e9rdidas para la citricultura entrerriana alcanzar\u00edan a unos 30 millones de d\u00f3lares aproximadamente\u201d.<\/p>\n<p>Y agreg\u00f3: \u201cse est\u00e1n gestionando diversas acciones para dar soluci\u00f3n a esta problem\u00e1tica, con el Ministerio de Agricultura y Ganader\u00eda, a trav\u00e9s del Senasa -\u00f3rgano de control fitosanitario-; y de Canciller\u00eda; para realizar las gestiones necesarias de los agregados agr\u00edcolas argentinos en la Uni\u00f3n Europea e intentar buscar una soluci\u00f3n\u201d.<\/p>\n<p>&nbsp;<\/p>\n<p><strong>Mancha negra: caracterizaci\u00f3n<\/strong><\/p>\n<p>Tambi\u00e9n conocida como moteado negro o \u201cblack spot\u201d, es una enfermedad que ocasiona da\u00f1o econ\u00f3mico a la producci\u00f3n citr\u00edcola, al afectar la calidad externa de los frutos. En ataques severos tambi\u00e9n afecta los rendimientos, al provocar ca\u00edda prematura de la fruta.<\/p>\n<p>Se la conoce en el NOA desde hace a\u00f1os, causando da\u00f1os en pomelos y naranjas en Salta y Jujuy y \u00faltimamente en limones en Tucum\u00e1n.<\/p>\n<p>Los s\u00edntomas observados en frutos de la zona, tanto de limoneros como de naranjos y mandarinos, coinciden con los descritos como t\u00edpicos para esta enfermedad. Se caracteriza por diferentes tipos de manchas, lo que dificulta a veces su diagn\u00f3stico.<\/p>\n<p>El limonero es considerado como la especie m\u00e1s susceptible y una importante fuente de in\u00f3culo, en las distintas \u00e1reas citr\u00edcolas del mundo donde la mancha negra est\u00e1 presente. Tambi\u00e9n causa importantes da\u00f1os en naranjas tard\u00edas como la Valencia Late y en pomelos. Hasta el presente, una vez establecida la enfermedad en un lote, la \u00fanica forma de control es mediante tratamientos qu\u00edmicos, basados en el uso de fungicidas de acci\u00f3n preventiva y\/o curativa.<\/p>\n","protected":false},"excerpt":{"rendered":"<p>El ministro de Producci\u00f3n, Juan Jos\u00e9 Bahillo, se comunic\u00f3 con su par de Agricultura de la Naci\u00f3n, Luis Basterra, y propuso que se realicen las gestiones necesarias para regionalizar la exportaci\u00f3n de c\u00edtricos, teniendo en cuenta que las frutas del NEA no presentaron ninguna detecci\u00f3n de mancha negra &nbsp; &nbsp; Bahillo lament\u00f3 la decisi\u00f3n de la Uni\u00f3n Europea, \u201cque desoy\u00f3 la solicitud hecha por la Canciller\u00eda Argentina para que se aplique el concepto de regionalizaci\u00f3n, que resultar\u00eda procedente, y excluir de la restricci\u00f3n a los c\u00edtricos dulces producidos y exportados&#8230;<\/p>\n","protected":false},"author":3,"featured_media":65516,"comment_status":"closed","ping_status":"closed","sticky":false,"template":"","format":"standard","meta":[],"categories":[9,15],"tags":[],"_links":{"self":[{"href":"https:\/\/www.actualidadadiario.com\/index.php\/wp-json\/wp\/v2\/posts\/65515"}],"collection":[{"href":"https:\/\/www.actualidadadiario.com\/index.php\/wp-json\/wp\/v2\/posts"}],"about":[{"href":"https:\/\/www.actualidadadiario.com\/index.php\/wp-json\/wp\/v2\/types\/post"}],"author":[{"embeddable":true,"href":"https:\/\/www.actualidadadiario.com\/index.php\/wp-json\/wp\/v2\/users\/3"}],"replies":[{"embeddable":true,"href":"https:\/\/www.actualidadadiario.com\/index.php\/wp-json\/wp\/v2\/comments?post=65515"}],"version-history":[{"count":1,"href":"https:\/\/www.actualidadadiario.com\/index.php\/wp-json\/wp\/v2\/posts\/65515\/revisions"}],"predecessor-version":[{"id":65517,"href":"https:\/\/www.actualidadadiario.com\/index.php\/wp-json\/wp\/v2\/posts\/65515\/revisions\/65517"}],"wp:featuredmedia":[{"embeddable":true,"href":"https:\/\/www.actualidadadiario.com\/index.php\/wp-json\/wp\/v2\/media\/65516"}],"wp:attachment":[{"href":"https:\/\/www.actualidadadiario.com\/index.php\/wp-json\/wp\/v2\/media?parent=65515"}],"wp:term":[{"taxonomy":"category","embeddable":true,"href":"https:\/\/www.actualidadadiario.com\/index.php\/wp-json\/wp\/v2\/categories?post=65515"},{"taxonomy":"post_tag","embeddable":true,"href":"https:\/\/www.actualidadadiario.com\/index.php\/wp-json\/wp\/v2\/tags?post=65515"}],"curies":[{"name":"wp","href":"https:\/\/api.w.org\/{rel}","templated":true}]}}