{"id":65505,"date":"2020-08-13T12:55:25","date_gmt":"2020-08-13T15:55:25","guid":{"rendered":"https:\/\/www.actualidadadiario.com\/?p=65505"},"modified":"2020-08-13T12:55:25","modified_gmt":"2020-08-13T15:55:25","slug":"lopez-obrador-presento-la-vacuna-de-oxford-no-hay-fines-de-lucro","status":"publish","type":"post","link":"https:\/\/www.actualidadadiario.com\/index.php\/2020\/08\/13\/lopez-obrador-presento-la-vacuna-de-oxford-no-hay-fines-de-lucro\/","title":{"rendered":"L\u00f3pez Obrador present\u00f3 la vacuna de Oxford: &#8220;No hay fines de lucro&#8221;"},"content":{"rendered":"<p style=\"text-align: center;\"><em><strong>El presidente de M\u00e9xico, Andr\u00e9s Manuel L\u00f3pez Obrador, present\u00f3 la vacuna que desarrolla la Universidad de Oxford y la empresa AstraZeneca, que se desarrollar\u00e1 tanto en ese pa\u00eds como en la Argentina, tal como ayer lo confirm\u00f3 el presidente Alberto Fern\u00e1ndez. \u201cEst\u00e1 garantizada la calidad. Se est\u00e1n esperando resultados finales en noviembre, para disponer de la vacuna en el primer trimestre del a\u00f1o pr\u00f3ximo\u201d, confirm\u00f3<\/strong><\/em><\/p>\n<p>&nbsp;<\/p>\n<p>&nbsp;<\/p>\n<p>&#8220;Lo importante de esta cooperaci\u00f3n es que la cadena de producci\u00f3n es latinoamericana con una transferencia de tecnolog\u00eda&#8221;, destac\u00f3 el canciller mexicano, Marcelo Ebrard, quien destac\u00f3 la promoci\u00f3n de la Fundaci\u00f3n Slim para alcanzar el acuerdo que incluye tambi\u00e9n a la Argentina y el laboratorio mAbxience.<\/p>\n<p>Es una \u201cexcelente noticia\u201d pero no hay que perder de vista que la pandemia no se acab\u00f3. \u201cDesgraciadamente vamos a seguir padeciendo la epidemia y necesitamos cuidarnos, aunque no es lo mismo cuidarnos sin una esperanza que ahora que tenemos la vacuna\u201d, resalt\u00f3 L\u00f3pez Obrador durante la conferencia oficial en que se hizo el anuncio.<\/p>\n<p>\u201cLa noticia se dio a conocer ayer en la Argentina. Me busc\u00f3 el presidente Alerto Fern\u00e1ndez para decir que ellos hab\u00edan firmado el acuerdo y que les daba mucho gusto porque interven\u00edan M\u00e9xico y la Fundaci\u00f3n Slim. Me enter\u00e9 de este acuerdo alrededor de las 16 (hora de M\u00e9xico) y hablamos a las 19. Luego de ello se acord\u00f3 informar al pueblo hoy\u201d, relat\u00f3 el presidente mexicano.<\/p>\n<p>&nbsp;<\/p>\n<p><strong>&#8220;No hay intenci\u00f3n de lucro&#8221;<\/strong><\/p>\n<p>El gobierno mexicano confirm\u00f3 que la vacuna \u201cestar\u00e1 disponible en forma universal y gratuita\u201d para su poblaci\u00f3n y adelant\u00f3 que se la aplicar\u00e1 en forma escalonada teniendo en cuenta las prioridades de cada sector social, tal como lo har\u00e1 el gobierno de la Argentina.<\/p>\n<p>Adem\u00e1s, el canciller estim\u00f3 que la vacuna \u201cpuede inducir una inmunidad general para que en algunos territorios disminuya o destierre la enfermedad\u201d del coronavirus, y puntualiz\u00f3 que el objetivo de su elaboraci\u00f3n binacional, entre M\u00e9xico y Argentina, \u201cno es el lucro sino que Am\u00e9rica Latina la tenga&#8221;.<\/p>\n<p>\u201cTenemos este acuerdo desde la visita que hicimos a Washington. Se platic\u00f3 con Carlos Slim (titular de la Fundaci\u00f3n Slim) sobre esta posibilidad y dije que nosotros apoyar\u00edamos esta iniciativa\u201d, relat\u00f3 L\u00f3pez Obrador y revel\u00f3 que \u201cM\u00e9xico est\u00e1 inscripto en varios procesos de investigaci\u00f3n para obtener la vacuna\u201d.<\/p>\n<p>El mandatario rescat\u00f3 que el proceso de descubrimiento, elaboraci\u00f3n y distribuci\u00f3n \u201cno tendr\u00e1 fines de lucro\u201d. \u201cYa sab\u00edamos que esta vacuna en proceso es de las m\u00e1s avanzadas del mundo\u201d, ponder\u00f3 el mandatario durante la rueda de prensa.<\/p>\n<p>L\u00f3pez Obrador adelant\u00f3 que las autoridades sanitarias mexicanas \u201cno van a tener problemas en autorizar la vacuna\u201d y que su \u201ccosto de producci\u00f3n tiene que ver con los insumos de elaboraci\u00f3n, pero no hay intenci\u00f3n de lucro. Por eso el costo es m\u00ednimo\u201d para \u201cque tengan derecho a la vacuna todos los mexicanos\u201d, resalt\u00f3.<\/p>\n<p>\u201cCuando se dice \u2018universal\u2019 es para todos y esto cumple con el art\u00edculo cuarto de la Constituci\u00f3n: garantizar el derecho a la salud\u201d, remarc\u00f3 el mandatario. Es decir que \u201cno se va a cobrar ni seleccionar a qui\u00e9n se vacuna\u201d, a\u00f1adi\u00f3 y pidi\u00f3 \u201cque no haya preocupaciones\u201d.<\/p>\n","protected":false},"excerpt":{"rendered":"<p>El presidente de M\u00e9xico, Andr\u00e9s Manuel L\u00f3pez Obrador, present\u00f3 la vacuna que desarrolla la Universidad de Oxford y la empresa AstraZeneca, que se desarrollar\u00e1 tanto en ese pa\u00eds como en la Argentina, tal como ayer lo confirm\u00f3 el presidente Alberto Fern\u00e1ndez. \u201cEst\u00e1 garantizada la calidad. Se est\u00e1n esperando resultados finales en noviembre, para disponer de la vacuna en el primer trimestre del a\u00f1o pr\u00f3ximo\u201d, confirm\u00f3 &nbsp; &nbsp; &#8220;Lo importante de esta cooperaci\u00f3n es que la cadena de producci\u00f3n es latinoamericana con una transferencia de tecnolog\u00eda&#8221;, destac\u00f3 el canciller mexicano, Marcelo&#8230;<\/p>\n","protected":false},"author":3,"featured_media":65506,"comment_status":"closed","ping_status":"closed","sticky":false,"template":"","format":"standard","meta":[],"categories":[4],"tags":[],"_links":{"self":[{"href":"https:\/\/www.actualidadadiario.com\/index.php\/wp-json\/wp\/v2\/posts\/65505"}],"collection":[{"href":"https:\/\/www.actualidadadiario.com\/index.php\/wp-json\/wp\/v2\/posts"}],"about":[{"href":"https:\/\/www.actualidadadiario.com\/index.php\/wp-json\/wp\/v2\/types\/post"}],"author":[{"embeddable":true,"href":"https:\/\/www.actualidadadiario.com\/index.php\/wp-json\/wp\/v2\/users\/3"}],"replies":[{"embeddable":true,"href":"https:\/\/www.actualidadadiario.com\/index.php\/wp-json\/wp\/v2\/comments?post=65505"}],"version-history":[{"count":1,"href":"https:\/\/www.actualidadadiario.com\/index.php\/wp-json\/wp\/v2\/posts\/65505\/revisions"}],"predecessor-version":[{"id":65507,"href":"https:\/\/www.actualidadadiario.com\/index.php\/wp-json\/wp\/v2\/posts\/65505\/revisions\/65507"}],"wp:featuredmedia":[{"embeddable":true,"href":"https:\/\/www.actualidadadiario.com\/index.php\/wp-json\/wp\/v2\/media\/65506"}],"wp:attachment":[{"href":"https:\/\/www.actualidadadiario.com\/index.php\/wp-json\/wp\/v2\/media?parent=65505"}],"wp:term":[{"taxonomy":"category","embeddable":true,"href":"https:\/\/www.actualidadadiario.com\/index.php\/wp-json\/wp\/v2\/categories?post=65505"},{"taxonomy":"post_tag","embeddable":true,"href":"https:\/\/www.actualidadadiario.com\/index.php\/wp-json\/wp\/v2\/tags?post=65505"}],"curies":[{"name":"wp","href":"https:\/\/api.w.org\/{rel}","templated":true}]}}