{"id":65496,"date":"2020-08-13T12:53:01","date_gmt":"2020-08-13T15:53:01","guid":{"rendered":"https:\/\/www.actualidadadiario.com\/?p=65496"},"modified":"2020-08-13T12:53:01","modified_gmt":"2020-08-13T15:53:01","slug":"el-pronostico-de-bill-gates-sobre-el-fin-de-la-pandemia-de-coronavirus","status":"publish","type":"post","link":"https:\/\/www.actualidadadiario.com\/index.php\/2020\/08\/13\/el-pronostico-de-bill-gates-sobre-el-fin-de-la-pandemia-de-coronavirus\/","title":{"rendered":"El pron\u00f3stico de Bill Gates sobre el fin de la pandemia de coronavirus"},"content":{"rendered":"<p style=\"text-align: center;\"><em><strong>El fundador de Microsoft se\u00f1al\u00f3 que en alg\u00fan momento durante el 2021 &#8220;los grandes efectos de la pandemia caer\u00e1n&#8221; y finalmente en 2022 se llegar\u00e1 al final<\/strong><\/em><\/p>\n<p>&nbsp;<\/p>\n<p>&nbsp;<\/p>\n<p>El empresario estadounidense Bill Gates se\u00f1al\u00f3 que la pandemia de Covid-19 incrementa la &#8220;inequidad&#8221; y predijo que tomar\u00e1 al mundo hasta 2022 para regresar a la situaci\u00f3n en la que estaba.<\/p>\n<p>El fundador del gigante global de la inform\u00e1tica Microsoft, se\u00f1al\u00f3 ante estudiantes del ateneo privado Tec de Monterrey, que &#8220;el da\u00f1o durante este tiempo ser\u00e1 incre\u00edble y exacerbar\u00e1 casi cualquier tipo de desigualdad&#8221;.<\/p>\n<p>Gates, cabeza con su esposa de la Fundaci\u00f3n Bill y Melinda Gates, dej\u00f3 margen al optimismo al se\u00f1alar que en alg\u00fan momento durante el 2021 &#8220;los grandes efectos de la pandemia caer\u00e1n&#8221; y finalmente en 2022 se llegar\u00e1 al final.<\/p>\n<p>&#8220;En uno o dos a\u00f1os podremos regresar al estado que ten\u00edamos antes de la pandemia y algunos gobiernos deber\u00e1n realizar un mayor esfuerzo&#8221;, se\u00f1al\u00f3.<\/p>\n<p>A su juicio, la peste del siglo puso a prueba a los gobiernos de todo el mundo, y algunos no superar\u00e1n el desaf\u00edo y fallar\u00e1n.<\/p>\n<p>Entre los grandes perdedores figuran los peque\u00f1os negocios y sectores como el turismo y los restaurantes, para los cuales urgi\u00f3 a otorgarles cr\u00e9ditos.<\/p>\n<p>Entre los resultados positivos que dej\u00f3 esta crisis sanitaria, se\u00f1al\u00f3, figuran el aumento en el uso de las tecnolog\u00edas de la informaci\u00f3n: &#8220;Como una guerra hemos acelerado la innovaci\u00f3n y como en la guerra grandes pol\u00edticas p\u00fablicas se necesitar\u00e1n&#8221;.<\/p>\n","protected":false},"excerpt":{"rendered":"<p>El fundador de Microsoft se\u00f1al\u00f3 que en alg\u00fan momento durante el 2021 &#8220;los grandes efectos de la pandemia caer\u00e1n&#8221; y finalmente en 2022 se llegar\u00e1 al final &nbsp; &nbsp; El empresario estadounidense Bill Gates se\u00f1al\u00f3 que la pandemia de Covid-19 incrementa la &#8220;inequidad&#8221; y predijo que tomar\u00e1 al mundo hasta 2022 para regresar a la situaci\u00f3n en la que estaba. El fundador del gigante global de la inform\u00e1tica Microsoft, se\u00f1al\u00f3 ante estudiantes del ateneo privado Tec de Monterrey, que &#8220;el da\u00f1o durante este tiempo ser\u00e1 incre\u00edble y exacerbar\u00e1 casi cualquier&#8230;<\/p>\n","protected":false},"author":3,"featured_media":65497,"comment_status":"closed","ping_status":"closed","sticky":false,"template":"","format":"standard","meta":[],"categories":[4],"tags":[],"_links":{"self":[{"href":"https:\/\/www.actualidadadiario.com\/index.php\/wp-json\/wp\/v2\/posts\/65496"}],"collection":[{"href":"https:\/\/www.actualidadadiario.com\/index.php\/wp-json\/wp\/v2\/posts"}],"about":[{"href":"https:\/\/www.actualidadadiario.com\/index.php\/wp-json\/wp\/v2\/types\/post"}],"author":[{"embeddable":true,"href":"https:\/\/www.actualidadadiario.com\/index.php\/wp-json\/wp\/v2\/users\/3"}],"replies":[{"embeddable":true,"href":"https:\/\/www.actualidadadiario.com\/index.php\/wp-json\/wp\/v2\/comments?post=65496"}],"version-history":[{"count":1,"href":"https:\/\/www.actualidadadiario.com\/index.php\/wp-json\/wp\/v2\/posts\/65496\/revisions"}],"predecessor-version":[{"id":65498,"href":"https:\/\/www.actualidadadiario.com\/index.php\/wp-json\/wp\/v2\/posts\/65496\/revisions\/65498"}],"wp:featuredmedia":[{"embeddable":true,"href":"https:\/\/www.actualidadadiario.com\/index.php\/wp-json\/wp\/v2\/media\/65497"}],"wp:attachment":[{"href":"https:\/\/www.actualidadadiario.com\/index.php\/wp-json\/wp\/v2\/media?parent=65496"}],"wp:term":[{"taxonomy":"category","embeddable":true,"href":"https:\/\/www.actualidadadiario.com\/index.php\/wp-json\/wp\/v2\/categories?post=65496"},{"taxonomy":"post_tag","embeddable":true,"href":"https:\/\/www.actualidadadiario.com\/index.php\/wp-json\/wp\/v2\/tags?post=65496"}],"curies":[{"name":"wp","href":"https:\/\/api.w.org\/{rel}","templated":true}]}}