{"id":65490,"date":"2020-08-13T12:51:12","date_gmt":"2020-08-13T15:51:12","guid":{"rendered":"https:\/\/www.actualidadadiario.com\/?p=65490"},"modified":"2020-08-13T12:51:12","modified_gmt":"2020-08-13T15:51:12","slug":"biden-y-harris-estrenaron-formula-democrata-con-foco-en-el-alma-de-eeuu-y-dardos-a-trump","status":"publish","type":"post","link":"https:\/\/www.actualidadadiario.com\/index.php\/2020\/08\/13\/biden-y-harris-estrenaron-formula-democrata-con-foco-en-el-alma-de-eeuu-y-dardos-a-trump\/","title":{"rendered":"Biden y Harris estrenaron f\u00f3rmula dem\u00f3crata, con foco en &#8220;el alma de EEUU&#8221; y dardos a Trump"},"content":{"rendered":"<p style=\"text-align: center;\"><em><strong>El exvicepresidente de Barack Obama y la exfiscal de California tuvieron su primera aparici\u00f3n junta durante un acto en el cual plantearon el lanzamiento de una batalla por &#8220;el alma de la Naci\u00f3n&#8221;. All\u00ed, dispararon contra el presidente Donald Trump y los efectos de la pandemia<\/strong><\/em><\/p>\n<p>&nbsp;<\/p>\n<p>&nbsp;<\/p>\n<p>&nbsp;<\/p>\n<p>Joe Biden y Kamala Harris estrenaron la virtual f\u00f3rmula presidencial del partido dem\u00f3crata de cara a las presidenciales del 3 de noviembre. Fue esta noche en un acto en Delaware, en el que ambos se plantearon como la punta de lanza de una batalla por &#8220;el alma de la naci\u00f3n&#8221;. All\u00ed, criticaron al presidente Donald Trump al se\u00f1alar que el pa\u00eds &#8220;sufre una crisis de liderazgo&#8221; que tuvo efecto en el p\u00e9simo manejo de la pandemia que llev\u00f3 la cifra de muertos a superar los 160.000.<\/p>\n<p>Ese mensaje apareci\u00f3 como contraposici\u00f3n al de &#8220;nosotros o el caos&#8221; que plantean el actual presidente, Donald Trump, y su vice, Mike Pence, que buscan la reelecci\u00f3n.<\/p>\n<p>El acto en Wulmington, estado de Delaware, donde reside Biden, fue el primero compartido por la f\u00f3rmula, luego de que ayer el ex vicepresidente de Barack Obama hiciera p\u00fablica la elecci\u00f3n de Harris, senadora por California, como su compa\u00f1era de f\u00f3rmula.<\/p>\n<p>&#8220;Esta es una lucha por el alma de Estados Unidos y es un orgullo que Kamala est\u00e9 a mi lado en esa batalla&#8221;, asegur\u00f3 Biden en un evento que, aunque las f\u00f3rmulas ser\u00e1n proclamadas por las convenciones dem\u00f3crata y republicana a fin de este mes, se tom\u00f3 como el lanzamiento del tramo final de la carrera hacia la Casa Blanca<\/p>\n<p>Esta campa\u00f1a, se prev\u00e9, ser\u00e1 agresiva, como ya lo dej\u00f3 entrever Trump, y estar\u00e1 necesariamente signada por las crisis sanitaria y econ\u00f3mica que est\u00e1 dejando a su paso la pandemia de coronavirus.<\/p>\n<p>Harris advirti\u00f3 de que el pa\u00eds sufre &#8220;una crisis de liderazgo&#8221; y afirm\u00f3 que est\u00e1 &#8220;lista para empezar a trabajar&#8221; en una nueva administraci\u00f3n a partir de enero de 2021, cuando el ganador de las elecciones generales del 3 de noviembre asume el nuevo mandato.<\/p>\n<p>&#8220;Estoy orgullosa de estar a tu lado y lo hago consciente de las mujeres heroicas y ambiciosas que me precedieron&#8221;, se\u00f1al\u00f3 la senadora, que era una de las pol\u00edticas que estaba en la puja por ser la n\u00famero dos en la papeleta dem\u00f3crata.<\/p>\n<p>La candidatura de Kamala Harris, la primera aspirante a vice negra de origen multiracial -de padre jamaiquino y madre india-, tiene como atractivo inicial que una victoria en las elecciones posicionar\u00e1 a esta mujer de 55 a\u00f1os en la grilla para las presidenciales de 2024, porque Biden, de 77 a\u00f1os, ha dicho que la suya ser\u00e1 una presidencia de transici\u00f3n, es decir de cuatro a\u00f1os.<\/p>\n<p>&#8220;No tengo duda alguna de que he elegido a la persona adecuada para que se me una como la pr\u00f3xima vicepresidenta de los Estados Unidos&#8221;, se\u00f1al\u00f3 Biden, quien confi\u00f3 que con su nominaci\u00f3n &#8220;ni\u00f1as negras y de color, que a menudo han sido ignoradas o minusvaloradas, quiz\u00e1 hoy, se vean de una manera distinta: como material para vicepresidenta y presidenta&#8221;.<\/p>\n<p>&#8220;Una de las razones por las que eleg\u00ed a Kamala es porque ambos creemos que Am\u00e9rica se puede definir en una sola palabra: posibilidades&#8221;, a\u00f1adi\u00f3 Biden, favorito en las encuestas.<\/p>\n<p>Harris reiter\u00f3 en varias ocasiones en su discurso que Estados Unido tiene un problema de liderazgo y, al mismo tiempo, traz\u00f3 paralelismos con el ex presidente Barack Obama (2009-2017), que se descuenta jugar\u00e1 un rol de peso en esta campa\u00f1a electoral.<\/p>\n<p>Tanto Harris como Biden apuntaron sus dardos a Trump por su manejo de la crisis del nuevo coronavirus, para el que el candidato dem\u00f3crata propuso un plan que har\u00e1 que EE.UU. &#8220;doble la esquina&#8221; de una crisis que ha dejado m\u00e1s de 165.000 muertos en el pa\u00eds.<\/p>\n<p>&#8220;El virus ha impactado en casi todos los pa\u00edses, pero hay una raz\u00f3n por la que ha golpeado a EE.UU peor que a otra naci\u00f3n avanzada. Es por el fallo de Trump de no tom\u00e1rselo en serio desde el comienzo&#8221;, asever\u00f3 la candidata a vice, quien responsabiliz\u00f3 al mandatario por el aumento del desempleo y la crisis econ\u00f3mica.<\/p>\n<p>En una muestra m\u00e1s de su iniciativa, Harris asegur\u00f3 que si los dem\u00f3cratas llegan a la Casa Blanca propondr\u00e1n planes para hacer frente al cambio clim\u00e1tico, demostrar que &#8220;el futuro se construye en EE.UU.&#8221; y que se mantienen los planes de seguros asequibles de salud que aprob\u00f3 Obama, as\u00ed como planes para &#8220;eliminar desde la ra\u00edz el racismo sist\u00e9mico&#8221;, que ha motivado desde mayo protestas en todo el pa\u00eds.<\/p>\n<p>&#8220;Trump hered\u00f3 de Obama y Joe Biden la mayor expansi\u00f3n econ\u00f3mica de la historia e hizo lo que ha hecho con todo lo que ha heredado, dejarlo por los suelos&#8221;, a\u00f1adi\u00f3.<\/p>\n<p>Como primera reacci\u00f3n a la designaci\u00f3n de Kamala Harris como compa\u00f1era de f\u00f3rmula, Biden anunci\u00f3 hoy que est\u00e1n consiguiendo un n\u00famero r\u00e9cord de donaciones para su campa\u00f1a en las \u00faltimas 24 horas. Ese aumento, opin\u00f3, se debe a la llegada de Kamala a su f\u00f3rmula presidencial.<\/p>\n<p>El virtual candidato asegur\u00f3 que Harris es una candidata que ha provocado una &#8220;reacci\u00f3n fuerte&#8221;, y destac\u00f3 que su idoneidad se demuestra porque Trump ayer la llam\u00f3 en una rueda de prensa &#8220;maleducada&#8221; y &#8220;desagradable&#8221;.<\/p>\n<p>&#8220;Trump tiene un problema con mujeres fuertes&#8221;, se\u00f1al\u00f3 Biden, quien destac\u00f3 tambi\u00e9n que Harris, conoce las dificultades a las que se enfrentan los inmigrantes, porque es hija de ellos.<\/p>\n","protected":false},"excerpt":{"rendered":"<p>El exvicepresidente de Barack Obama y la exfiscal de California tuvieron su primera aparici\u00f3n junta durante un acto en el cual plantearon el lanzamiento de una batalla por &#8220;el alma de la Naci\u00f3n&#8221;. All\u00ed, dispararon contra el presidente Donald Trump y los efectos de la pandemia &nbsp; &nbsp; &nbsp; Joe Biden y Kamala Harris estrenaron la virtual f\u00f3rmula presidencial del partido dem\u00f3crata de cara a las presidenciales del 3 de noviembre. Fue esta noche en un acto en Delaware, en el que ambos se plantearon como la punta de lanza&#8230;<\/p>\n","protected":false},"author":3,"featured_media":65491,"comment_status":"closed","ping_status":"closed","sticky":false,"template":"","format":"standard","meta":[],"categories":[4],"tags":[],"_links":{"self":[{"href":"https:\/\/www.actualidadadiario.com\/index.php\/wp-json\/wp\/v2\/posts\/65490"}],"collection":[{"href":"https:\/\/www.actualidadadiario.com\/index.php\/wp-json\/wp\/v2\/posts"}],"about":[{"href":"https:\/\/www.actualidadadiario.com\/index.php\/wp-json\/wp\/v2\/types\/post"}],"author":[{"embeddable":true,"href":"https:\/\/www.actualidadadiario.com\/index.php\/wp-json\/wp\/v2\/users\/3"}],"replies":[{"embeddable":true,"href":"https:\/\/www.actualidadadiario.com\/index.php\/wp-json\/wp\/v2\/comments?post=65490"}],"version-history":[{"count":1,"href":"https:\/\/www.actualidadadiario.com\/index.php\/wp-json\/wp\/v2\/posts\/65490\/revisions"}],"predecessor-version":[{"id":65492,"href":"https:\/\/www.actualidadadiario.com\/index.php\/wp-json\/wp\/v2\/posts\/65490\/revisions\/65492"}],"wp:featuredmedia":[{"embeddable":true,"href":"https:\/\/www.actualidadadiario.com\/index.php\/wp-json\/wp\/v2\/media\/65491"}],"wp:attachment":[{"href":"https:\/\/www.actualidadadiario.com\/index.php\/wp-json\/wp\/v2\/media?parent=65490"}],"wp:term":[{"taxonomy":"category","embeddable":true,"href":"https:\/\/www.actualidadadiario.com\/index.php\/wp-json\/wp\/v2\/categories?post=65490"},{"taxonomy":"post_tag","embeddable":true,"href":"https:\/\/www.actualidadadiario.com\/index.php\/wp-json\/wp\/v2\/tags?post=65490"}],"curies":[{"name":"wp","href":"https:\/\/api.w.org\/{rel}","templated":true}]}}