{"id":65488,"date":"2020-08-13T12:50:23","date_gmt":"2020-08-13T15:50:23","guid":{"rendered":"https:\/\/www.actualidadadiario.com\/?p=65488"},"modified":"2020-08-13T12:50:23","modified_gmt":"2020-08-13T15:50:23","slug":"senado-blinda-pack-economico-de-alivio-en-pandemia-sanciona-moratoria-y-avala-guino-a-turismo","status":"publish","type":"post","link":"https:\/\/www.actualidadadiario.com\/index.php\/2020\/08\/13\/senado-blinda-pack-economico-de-alivio-en-pandemia-sanciona-moratoria-y-avala-guino-a-turismo\/","title":{"rendered":"Senado blinda pack econ\u00f3mico de alivio en pandemia: sanciona moratoria y avala gui\u00f1o a turismo"},"content":{"rendered":"<p style=\"text-align: center;\"><em><strong>Durante la sesi\u00f3n especial tambi\u00e9n se activar\u00e1n la designaci\u00f3n de Ricardo Alfons\u00edn como embajador argentino en Espa\u00f1a. Aval al DNU que finaliza la intervenci\u00f3n a Vicentin<\/strong><\/em><\/p>\n<p>&nbsp;<\/p>\n<p>&nbsp;<\/p>\n<p>El Senado avanzar\u00e1 esta tarde con un pack econ\u00f3mico que aliviar\u00e1 el panorama de la econom\u00eda local en pandemia: el pleno de la C\u00e1mara alta, que comanda Cristina de Kirchner, sancionar\u00e1 la ampliaci\u00f3n de la moratoria tributaria, previsional y aduanera, y aprobar\u00e1 y girar\u00e1 a Diputados un proyecto de consenso sobre \u201csostenimiento y reactivaci\u00f3n productiva de la actividad tur\u00edstica nacional\u201d, con el fin de dar respuestas a uno de los sectores m\u00e1s golpeados por el coronavirus.<\/p>\n<p>Al cierre de esta edici\u00f3n, el Frente de Todos y Juntos por el Cambio negociaban la inclusi\u00f3n de dos temas que necesitan los dos tercios para ser habilitados: la ampliaci\u00f3n del Presupuesto 2019 -prorrogado-, que fue dictaminado el del martes \u00faltimo pero a\u00fan no cuenta con los siete d\u00edas reglamentarios para llegar al recinto; y modificaciones a la ley de econom\u00eda del conocimiento que pide el macrismo.<\/p>\n<p>Sin embargo, el kirchnerismo desconoci\u00f3 anoche la viabilidad de alcanzar un acuerdo con respecto a econom\u00eda del conocimiento -dentro del propio Gobierno est\u00e1n las fisuras, por los beneficios a empresas- , y se mostraba m\u00e1s proclive a conceder pedidos de gobernadores para poder sancionar hoy la ampliaci\u00f3n del Presupuesto.<\/p>\n<p>La sesi\u00f3n, que comenzar\u00e1 a las 14, tendr\u00e1 varias declaraciones a favor de acciones realizadas por el papa Francisco y la activaci\u00f3n de pliegos de embajadores como Ricardo Alfons\u00edn (Espa\u00f1a), Mateo Capitanich (Nicaragua) y Hern\u00e1n Pati\u00f1o Mayer (Hungr\u00eda, Croacia y Bosnia-Herzegovina).<\/p>\n<p>&nbsp;<\/p>\n<p><strong>Moratoria<\/strong><\/p>\n<p>En concreto, el proyecto de moratoria establece planes entre 48 y 120 cuotas -diversos l\u00edmites para sector tributario y previsional, por caso- para regularizar las deudas acumuladas hasta el 31 de julio. Adem\u00e1s, los contribuyentes podr\u00e1n adherirse hasta el 31 de octubre a la moratoria y deber\u00e1n pagar la primera cuota del 16 de noviembre.<\/p>\n<p>Por otra parte, la tasa de inter\u00e9s ser\u00e1 del 2% mensual hasta enero de 2021, y luego se aplicar\u00e1 una tasa variable. En tanto, la iniciativa impone tambi\u00e9n que las empresas grandes no podr\u00e1n distribuir dividendos ni realizar operaciones con t\u00edtulos durante dos a\u00f1os.<\/p>\n<p>Tambi\u00e9n habr\u00e1 premios para cumplidores. En ese sentido, para el caso del Monotributo, habr\u00e1 una exenci\u00f3n del componente impositivo para las categor\u00edas A y B de seis cuotas mensuales y consecutivas; C y D; cinco; E y F; cuatro; G y H; tres; e I, J y K, dos cuotas mensuales y consecutivas, respectivamente. En ning\u00fan caso, el l\u00edmite del beneficio podr\u00e1 superar un importe total equivalente a $17.500. Adem\u00e1s, en personas humanas aumentar\u00e1 un 50% la deducci\u00f3n especial en Ganancias.<\/p>\n<p>A diferencia de lo ocurrido en la C\u00e1mara baja, en donde algunos art\u00edculos avanzaron con lo justo durante la votaci\u00f3n en particular del texto, el oficialismo tiene qu\u00f3rum y mayor\u00eda absoluta en el Senado -no as\u00ed los dos tercios- para sancionar la iniciativa sin problemas. A fines del mes pasado, y en Diputados, la oposici\u00f3n se abstuvo en la votaci\u00f3n en general y s\u00f3lo se opuso a un pu\u00f1ado de art\u00edculos.<\/p>\n<p>La semana pasada la jefa de la AFIP, Mercedes Marc\u00f3 del Pont, blind\u00f3 -al igual que en Diputados- la iniciativa. Seg\u00fan la funcionaria, la deuda con el fisco \u201ccreci\u00f3 90%\u201d, y la moratoria implicar\u00e1 soluciones sobre deudas exigibles por poco m\u00e1s de $540.000 millones de pesos. En esa l\u00ednea, destac\u00f3: \u201cEs muy relevante ya que, sin un programa de regularizaci\u00f3n, ser\u00eda de muy dif\u00edcil recuperaci\u00f3n\u201d.<\/p>\n<p>Marc\u00f3 del Pont desterr\u00f3 las acusaciones del macrismo y de otros bloques opositores con respecto a \u201ctrajes a medida\u201d de empresas. \u201cLas moratorias son amnist\u00edas que s\u00f3lo pueden ser habilitadas por el Congreso. Ac\u00e1 incorporamos a todos los sujetos y a todos los tributos, salvo excepciones que siempre han figurado en las moratorias\u201d, se\u00f1al\u00f3.<\/p>\n<p>Ante la insistencia de la oposici\u00f3n, la titular de la AFIP tambi\u00e9n remarc\u00f3 que la historia sobre empresas quebradas y sin ning\u00fan est\u00edmulo dej\u00f3 como resultado recaudaciones cercanas al 3% del total, contra el 60% a la hora de activar moratorias. No s\u00f3lo eso: agreg\u00f3 que cerca de 4.700 empresas se encuentran en condiciones de avenimiento.<\/p>\n<p>Por \u00faltimo, la funcionaria asever\u00f3 que lo que se impulsa \u201ces un instrumento extraordinario en una situaci\u00f3n extraordinaria\u201d, y aval\u00f3 el flamante acuerdo del Gobierno por la deuda bajo legislaci\u00f3n extranjera, que \u201cabre un horizonte para el proceso de recuperaci\u00f3n\u201d del pa\u00eds.<\/p>\n<p>&nbsp;<\/p>\n<p><strong>Marcha atr\u00e1s<\/strong><\/p>\n<p>Durante la sesi\u00f3n, el pleno del Senado tambi\u00e9n votar\u00e1 a favor del aval al Decreto de Necesidad y Urgencia (DNU) con el que el Gobierno desactiv\u00f3 la intervenci\u00f3n de Vicentin, empujado por el oficialismo a inicios del corriente mes en la comisi\u00f3n bicameral de Tr\u00e1mite Legislativo.<\/p>\n","protected":false},"excerpt":{"rendered":"<p>Durante la sesi\u00f3n especial tambi\u00e9n se activar\u00e1n la designaci\u00f3n de Ricardo Alfons\u00edn como embajador argentino en Espa\u00f1a. Aval al DNU que finaliza la intervenci\u00f3n a Vicentin &nbsp; &nbsp; El Senado avanzar\u00e1 esta tarde con un pack econ\u00f3mico que aliviar\u00e1 el panorama de la econom\u00eda local en pandemia: el pleno de la C\u00e1mara alta, que comanda Cristina de Kirchner, sancionar\u00e1 la ampliaci\u00f3n de la moratoria tributaria, previsional y aduanera, y aprobar\u00e1 y girar\u00e1 a Diputados un proyecto de consenso sobre \u201csostenimiento y reactivaci\u00f3n productiva de la actividad tur\u00edstica nacional\u201d, con el&#8230;<\/p>\n","protected":false},"author":3,"featured_media":65240,"comment_status":"closed","ping_status":"closed","sticky":false,"template":"","format":"standard","meta":[],"categories":[18],"tags":[],"_links":{"self":[{"href":"https:\/\/www.actualidadadiario.com\/index.php\/wp-json\/wp\/v2\/posts\/65488"}],"collection":[{"href":"https:\/\/www.actualidadadiario.com\/index.php\/wp-json\/wp\/v2\/posts"}],"about":[{"href":"https:\/\/www.actualidadadiario.com\/index.php\/wp-json\/wp\/v2\/types\/post"}],"author":[{"embeddable":true,"href":"https:\/\/www.actualidadadiario.com\/index.php\/wp-json\/wp\/v2\/users\/3"}],"replies":[{"embeddable":true,"href":"https:\/\/www.actualidadadiario.com\/index.php\/wp-json\/wp\/v2\/comments?post=65488"}],"version-history":[{"count":1,"href":"https:\/\/www.actualidadadiario.com\/index.php\/wp-json\/wp\/v2\/posts\/65488\/revisions"}],"predecessor-version":[{"id":65489,"href":"https:\/\/www.actualidadadiario.com\/index.php\/wp-json\/wp\/v2\/posts\/65488\/revisions\/65489"}],"wp:featuredmedia":[{"embeddable":true,"href":"https:\/\/www.actualidadadiario.com\/index.php\/wp-json\/wp\/v2\/media\/65240"}],"wp:attachment":[{"href":"https:\/\/www.actualidadadiario.com\/index.php\/wp-json\/wp\/v2\/media?parent=65488"}],"wp:term":[{"taxonomy":"category","embeddable":true,"href":"https:\/\/www.actualidadadiario.com\/index.php\/wp-json\/wp\/v2\/categories?post=65488"},{"taxonomy":"post_tag","embeddable":true,"href":"https:\/\/www.actualidadadiario.com\/index.php\/wp-json\/wp\/v2\/tags?post=65488"}],"curies":[{"name":"wp","href":"https:\/\/api.w.org\/{rel}","templated":true}]}}