{"id":65449,"date":"2020-08-13T12:33:44","date_gmt":"2020-08-13T15:33:44","guid":{"rendered":"https:\/\/www.actualidadadiario.com\/?p=65449"},"modified":"2020-08-13T12:33:44","modified_gmt":"2020-08-13T15:33:44","slug":"vicegobernacion-lanza-la-red-multisectorial-para-la-igualdad","status":"publish","type":"post","link":"https:\/\/www.actualidadadiario.com\/index.php\/2020\/08\/13\/vicegobernacion-lanza-la-red-multisectorial-para-la-igualdad\/","title":{"rendered":"Vicegobernaci\u00f3n lanza la Red Multisectorial para la Igualdad"},"content":{"rendered":"<p style=\"text-align: center;\"><em><strong>\u201cMujeres y desigualdades\u201d ser\u00e1 el eje del conversatorio virtual con el que este jueves quedar\u00e1 formalmente inaugurada la Red Multisectorial para la Igualdad que impulsa la vicegobernadora Laura Stratta<\/strong><\/em><\/p>\n<p>&nbsp;<\/p>\n<p>&nbsp;<\/p>\n<p>La actividad, que reunir\u00e1 a mujeres de toda la provincia y de diversos \u00e1mbitos, contar\u00e1 con la presencia de la directora de Equidad y G\u00e9nero del Ministerio de Econom\u00eda de la Naci\u00f3n, Mercedes D\u00b4Alessandro y la ministra de las Mujeres, Pol\u00edticas de G\u00e9nero y Diversidad Sexual de Buenos Aires, Estela D\u00edaz.<\/p>\n<p>\u201cMujeres e inequidades: un recorrido por las empresas, sindicatos y organizaciones de la comunidad&#8221;, ser\u00e1 el eje del conversatorio que tendr\u00e1 lugar este jueves a las 17.30. Del encuentro virtual participar\u00e1n una importante cantidad de mujeres con representatividad de toda la provincia y de los m\u00e1s diversos \u00e1mbitos, tales como empresas, instituciones deportivas, cooperativas, periodistas, consejos y federaciones, colegios profesionales, universidades y sindicatos.<\/p>\n<p>En ese marco, la vicegobernadora Laura Stratta lanzar\u00e1 la Red Multisectorial para la Igualdad, un espacio de encuentro para el intercambio y la formaci\u00f3n en perspectiva de g\u00e9nero, pero tambi\u00e9n para la puesta en marcha de acciones que promuevan el acceso efectivo de la mujer a todos los niveles de participaci\u00f3n, representaci\u00f3n, decisi\u00f3n y conducci\u00f3n.<\/p>\n<p>&nbsp;<\/p>\n<p><strong>Conversatorio<\/strong><\/p>\n<p>Para dar inicio a este nuevo espacio, estar\u00e1n presentes en el conversatorio virtual Mercedes D\u00b4Alessandro, directora de Equidad y G\u00e9nero del Ministerio de Econom\u00eda de la Naci\u00f3n y Estela D\u00edaz, ministra de las Mujeres, Pol\u00edticas de G\u00e9nero y Diversidad Sexual de la provincia de Buenos Aires, y ex secretaria de Igualdad de G\u00e9nero y Oportunidades de CTA. Del \u00e1mbito provincial tambi\u00e9n participar\u00e1n para dialogar sobre los ejes propuestos: Mar\u00eda Celeste Valenti, socia Gerente de L\u00e1cteos Cremigal, integrante de la Uni\u00f3n Industrial Entrerriana (UIER), la Asociaci\u00f3n de Peque\u00f1as y Medianas Empresas L\u00e1cteas (APYMEL), y la Comisi\u00f3n de G\u00e9nero y Diversidad de la Uni\u00f3n Industrial Argentina (UIA); Mariela Ponce, secretaria General de Asociaci\u00f3n de Trabajadores de la Sanidad Argentina (ATSA) Entre R\u00edos y subsecretaria de Fomento y Empleo de la Secretar\u00eda de Trabajo y Seguridad Social de la provincia, y Nair Santana, directora de Informaci\u00f3n y Planificaci\u00f3n Estrat\u00e9gica para el Desarrollo Econ\u00f3mico Territorial, del Ministerio de Producci\u00f3n, Turismo y Desarrollo Econ\u00f3mico de Entre R\u00edos.<\/p>\n<p>&nbsp;<\/p>\n<p><strong>Sobre la Red para la Igualdad<\/strong><\/p>\n<p>Con el objetivo de dar cumplimiento efectivo al Art\u00edculo 17 de la Constituci\u00f3n de Entre R\u00edos, promover acciones positivas para corregir desigualdades de g\u00e9nero y reconocer la trayectoria de mujeres en la lucha por la igualdad, la Vicegobernaci\u00f3n de Entre R\u00edos impulsa la conformaci\u00f3n de la Red para la Igualdad, dentro de la cual se conformar\u00e1n dos \u00e1mbitos de encuentro, debate y acci\u00f3n. Uno de ellos es la Red Multipartidaria de legisladoras entrerrianas para la Igualdad integrada por legisladoras provinciales y nacionales en ejercicio y con mandato cumplido; as\u00ed como tambi\u00e9n por presidentas de Concejos Deliberantes y concejalas, que se lanz\u00f3 a fines de julio. El otro es la Red Multisectorial para la Igualdad de la que participan, adem\u00e1s de representantes de diversos organismos del Estado, organizaciones de la sociedad civil abocadas a diversas tem\u00e1ticas.<\/p>\n","protected":false},"excerpt":{"rendered":"<p>\u201cMujeres y desigualdades\u201d ser\u00e1 el eje del conversatorio virtual con el que este jueves quedar\u00e1 formalmente inaugurada la Red Multisectorial para la Igualdad que impulsa la vicegobernadora Laura Stratta &nbsp; &nbsp; La actividad, que reunir\u00e1 a mujeres de toda la provincia y de diversos \u00e1mbitos, contar\u00e1 con la presencia de la directora de Equidad y G\u00e9nero del Ministerio de Econom\u00eda de la Naci\u00f3n, Mercedes D\u00b4Alessandro y la ministra de las Mujeres, Pol\u00edticas de G\u00e9nero y Diversidad Sexual de Buenos Aires, Estela D\u00edaz. \u201cMujeres e inequidades: un recorrido por las empresas,&#8230;<\/p>\n","protected":false},"author":3,"featured_media":50940,"comment_status":"closed","ping_status":"closed","sticky":false,"template":"","format":"standard","meta":[],"categories":[15],"tags":[],"_links":{"self":[{"href":"https:\/\/www.actualidadadiario.com\/index.php\/wp-json\/wp\/v2\/posts\/65449"}],"collection":[{"href":"https:\/\/www.actualidadadiario.com\/index.php\/wp-json\/wp\/v2\/posts"}],"about":[{"href":"https:\/\/www.actualidadadiario.com\/index.php\/wp-json\/wp\/v2\/types\/post"}],"author":[{"embeddable":true,"href":"https:\/\/www.actualidadadiario.com\/index.php\/wp-json\/wp\/v2\/users\/3"}],"replies":[{"embeddable":true,"href":"https:\/\/www.actualidadadiario.com\/index.php\/wp-json\/wp\/v2\/comments?post=65449"}],"version-history":[{"count":1,"href":"https:\/\/www.actualidadadiario.com\/index.php\/wp-json\/wp\/v2\/posts\/65449\/revisions"}],"predecessor-version":[{"id":65450,"href":"https:\/\/www.actualidadadiario.com\/index.php\/wp-json\/wp\/v2\/posts\/65449\/revisions\/65450"}],"wp:featuredmedia":[{"embeddable":true,"href":"https:\/\/www.actualidadadiario.com\/index.php\/wp-json\/wp\/v2\/media\/50940"}],"wp:attachment":[{"href":"https:\/\/www.actualidadadiario.com\/index.php\/wp-json\/wp\/v2\/media?parent=65449"}],"wp:term":[{"taxonomy":"category","embeddable":true,"href":"https:\/\/www.actualidadadiario.com\/index.php\/wp-json\/wp\/v2\/categories?post=65449"},{"taxonomy":"post_tag","embeddable":true,"href":"https:\/\/www.actualidadadiario.com\/index.php\/wp-json\/wp\/v2\/tags?post=65449"}],"curies":[{"name":"wp","href":"https:\/\/api.w.org\/{rel}","templated":true}]}}