{"id":65444,"date":"2020-08-13T12:32:15","date_gmt":"2020-08-13T15:32:15","guid":{"rendered":"https:\/\/www.actualidadadiario.com\/?p=65444"},"modified":"2020-08-13T12:32:15","modified_gmt":"2020-08-13T15:32:15","slug":"laboratorio-del-inta-de-la-costa-del-uruguay-empezara-a-analizar-muestras-de-covid-19","status":"publish","type":"post","link":"https:\/\/www.actualidadadiario.com\/index.php\/2020\/08\/13\/laboratorio-del-inta-de-la-costa-del-uruguay-empezara-a-analizar-muestras-de-covid-19\/","title":{"rendered":"Laboratorio del INTA de la costa del Uruguay empezar\u00e1 a analizar muestras de Covid-19"},"content":{"rendered":"<p style=\"text-align: center;\"><em><strong>El laboratorio de virolog\u00eda aviar de la estaci\u00f3n experimental agropecuaria Concepci\u00f3n del Uruguay se sum\u00f3 a la red de 8 laboratorios del INTA habilitados para realizar an\u00e1lisis de COVID-19. Esto fue posible gracias a la firma de un convenio entre el Ministerio de Salud de la Provincia de Entre R\u00edos, INTA e INTI, luego de que el Consejo del Centro Regional Entre R\u00edos (INTA) mediante Resoluci\u00f3n N\u00ba 038\/2020 avalara la celebraci\u00f3n del mismo<\/strong><\/em><\/p>\n<p>&nbsp;<\/p>\n<p>El laboratorio dispone de equipos de RT-PCR en tiempo real, cabina de seguridad biol\u00f3gica tipo II certificadas y el equipamiento necesario para el diagn\u00f3stico. Se cuenta, adem\u00e1s, con personal capacitado en bioseguridad y en protocolos de diagn\u00f3stico y de trazabilidad, entrenado en las normas y procedimientos de Vigilancia y Control de Enfermedades de Notificaci\u00f3n Obligatoria.<\/p>\n<p>La Lic. Florencia Rojas, integrante del INTA, coment\u00f3 que en estos \u00faltimos d\u00edas, mientras se elaboraba el convenio y se enviaba a Buenos Aires y Paran\u00e1, los trabajadores fueron poniendo a punto la t\u00e9cnica, realizando los controles necesarios y chequeando instrumentos.<\/p>\n<p>Rojas destac\u00f3 que &#8220;este equipo se puso a disposici\u00f3n para cuando la capacidad de Paran\u00e1 se vea superada y estamos capacitados para esto. Fuimos ganando tiempo en la preparaci\u00f3n\u201d. Cabe recordar que tras la autorizaci\u00f3n, en un futuro cercano las muestras de los departamentos Tala, Col\u00f3n, Gualeguay, Gualeguaychu e Islas recaer\u00e1n en nuestro laboratorio.<\/p>\n<p>Finalmente, destac\u00f3 la rapidez de la t\u00e9cnica del CPR y la capacidad del nuevo laboratorio del hospital J.J. de Urquiza: \u201cPodemos hacer hasta 40 muestras por d\u00eda porque nuestra limitaci\u00f3n es el personal. Adem\u00e1s, los resultados se obtienen en 24 horas. Incluso en este tiempo estamos considerando repeticiones de algunos casos. Es un proceso muy r\u00e1pido\u201d.<\/p>\n","protected":false},"excerpt":{"rendered":"<p>El laboratorio de virolog\u00eda aviar de la estaci\u00f3n experimental agropecuaria Concepci\u00f3n del Uruguay se sum\u00f3 a la red de 8 laboratorios del INTA habilitados para realizar an\u00e1lisis de COVID-19. Esto fue posible gracias a la firma de un convenio entre el Ministerio de Salud de la Provincia de Entre R\u00edos, INTA e INTI, luego de que el Consejo del Centro Regional Entre R\u00edos (INTA) mediante Resoluci\u00f3n N\u00ba 038\/2020 avalara la celebraci\u00f3n del mismo &nbsp; El laboratorio dispone de equipos de RT-PCR en tiempo real, cabina de seguridad biol\u00f3gica tipo II&#8230;<\/p>\n","protected":false},"author":3,"featured_media":65445,"comment_status":"closed","ping_status":"closed","sticky":false,"template":"","format":"standard","meta":[],"categories":[15],"tags":[],"_links":{"self":[{"href":"https:\/\/www.actualidadadiario.com\/index.php\/wp-json\/wp\/v2\/posts\/65444"}],"collection":[{"href":"https:\/\/www.actualidadadiario.com\/index.php\/wp-json\/wp\/v2\/posts"}],"about":[{"href":"https:\/\/www.actualidadadiario.com\/index.php\/wp-json\/wp\/v2\/types\/post"}],"author":[{"embeddable":true,"href":"https:\/\/www.actualidadadiario.com\/index.php\/wp-json\/wp\/v2\/users\/3"}],"replies":[{"embeddable":true,"href":"https:\/\/www.actualidadadiario.com\/index.php\/wp-json\/wp\/v2\/comments?post=65444"}],"version-history":[{"count":1,"href":"https:\/\/www.actualidadadiario.com\/index.php\/wp-json\/wp\/v2\/posts\/65444\/revisions"}],"predecessor-version":[{"id":65446,"href":"https:\/\/www.actualidadadiario.com\/index.php\/wp-json\/wp\/v2\/posts\/65444\/revisions\/65446"}],"wp:featuredmedia":[{"embeddable":true,"href":"https:\/\/www.actualidadadiario.com\/index.php\/wp-json\/wp\/v2\/media\/65445"}],"wp:attachment":[{"href":"https:\/\/www.actualidadadiario.com\/index.php\/wp-json\/wp\/v2\/media?parent=65444"}],"wp:term":[{"taxonomy":"category","embeddable":true,"href":"https:\/\/www.actualidadadiario.com\/index.php\/wp-json\/wp\/v2\/categories?post=65444"},{"taxonomy":"post_tag","embeddable":true,"href":"https:\/\/www.actualidadadiario.com\/index.php\/wp-json\/wp\/v2\/tags?post=65444"}],"curies":[{"name":"wp","href":"https:\/\/api.w.org\/{rel}","templated":true}]}}