{"id":65435,"date":"2020-08-13T12:29:16","date_gmt":"2020-08-13T15:29:16","guid":{"rendered":"https:\/\/www.actualidadadiario.com\/?p=65435"},"modified":"2020-08-13T12:29:16","modified_gmt":"2020-08-13T15:29:16","slug":"otras-20-familias-tendran-vivienda-propia-en-dos-localidades-entrerrianas","status":"publish","type":"post","link":"https:\/\/www.actualidadadiario.com\/index.php\/2020\/08\/13\/otras-20-familias-tendran-vivienda-propia-en-dos-localidades-entrerrianas\/","title":{"rendered":"Otras 20 familias tendr\u00e1n vivienda propia en dos localidades entrerrianas"},"content":{"rendered":"<p style=\"text-align: center;\"><em><strong>El gobierno provincial, a trav\u00e9s del Instituto Aut\u00e1rquico de Planeamiento y Vivienda, realiz\u00f3 el sorteo de 20 unidades habitacionales que ejecutan en las localidades de General Racedo y, Colonia Los Ceibos con financiamiento del programa Primero tu Casa<\/strong><\/em><\/p>\n<p>&nbsp;<\/p>\n<p>&nbsp;<\/p>\n<p>Se sortearon 10 viviendas para cada una de las localidades y las familias que participaron se inscribieron y actualizaron sus datos a trav\u00e9s de la p\u00e1gina web del IAPV que se implement\u00f3 a comienzos de 2018.<\/p>\n<p>Los actos, que se desarrollaron en la sede del organismo en Paran\u00e1, fueron encabezados por el presidente, Marcelo Bisogni; certificado por la Escriban\u00eda Mayor de Gobierno y transmitido en vivo por YouTube y Facebook de la repartici\u00f3n provincial.<\/p>\n<p>Al respecto, Bisogni dijo que el acceso a la vivienda propia \u201cles permite a las familias entrerrianas proyectar un futuro mejor a sus habitantes, y nuestro deber es trabajar para que haya cada vez m\u00e1s hogares en la provincia donde nuestros hijos se puedan realizar y donde progresemos como comunidad\u201d.<\/p>\n<p>El funcionario valor\u00f3 &#8220;la instancia de los sorteos p\u00fablicos para la adjudicaci\u00f3n de viviendas, porque dan muestra de la transparencia con la que se trabaja desde el gobierno de Gustavo Bordet, con el objetivo de dar respuesta a las familias entrerrianas que anhelan cumplir el sue\u00f1o de la casa propia\u201d.<\/p>\n<p>Por su parte, el presidente comunal de Racedo, Julio Demart\u00edn manifest\u00f3 que &#8220;se viven momentos hist\u00f3ricos en la localidad con el sorteo de este grupo habitacional que el IAPV lleva adelante en General Racedo, adem\u00e1s de otras 20 viviendas que se encuentran en plena ejecuci\u00f3n actualmente\u201d.<\/p>\n<p>Destac\u00f3 \u201cel compromiso y el esfuerzo de esta gesti\u00f3n de gobierno de Gustavo Bordet de llegar a todos los sectores de la sociedad entrerriana, quienes depositan su confianza y su esperanza en obtener una soluci\u00f3n a su necesidad habitacional\u201d.<\/p>\n<p>En tanto, el presidente comunal de Colonia Los Ceibos, Horacio C\u00f3rdoba se\u00f1al\u00f3 que \u201ces un d\u00eda especial para 10 familias de nuestra comunidad que est\u00e1n cada vez m\u00e1s cerca de tener su casa propia\u201d.<\/p>\n<p>Agradeci\u00f3 \u201cal gobernador Bordet y a las autoridades del IAPV por darle la posibilidad a los entrerrianos de acceder a una vivienda digna con recursos provinciales a trav\u00e9s del Programa Primero tu Casa.\u201d<\/p>\n<p>&nbsp;<\/p>\n<p><strong>Detalle de los sorteos<\/strong><\/p>\n<p>General Racedo 10 viviendas<\/p>\n<p>En primer lugar, se sorte\u00f3 un cupo de discapacidad y dos suplentes.<\/p>\n<p>Luego, se realiz\u00f3 el sorteo de tres titulares de viviendas de dos dormitorios y tres suplentes.<\/p>\n<p>Se efectu\u00f3 el sorteo de cuatro titulares de viviendas de un dormitorio y ocho suplentes.<\/p>\n<p>Finalmente se realiz\u00f3 el sorteo de dos titulares viviendas monoambientes y cuatro suplentes.<\/p>\n<p>&nbsp;<\/p>\n<p><strong>Colonia Los Ceibos 10 viviendas<\/strong><\/p>\n<p>En primer t\u00e9rmino, se sorte\u00f3 un cupo de discapacidad titular y un suplente.<\/p>\n<p>A continuaci\u00f3n se realiz\u00f3 el sorteo de nueve titulares de dos dormitorios y 13 suplentes.<\/p>\n<p>&nbsp;<\/p>\n","protected":false},"excerpt":{"rendered":"<p>El gobierno provincial, a trav\u00e9s del Instituto Aut\u00e1rquico de Planeamiento y Vivienda, realiz\u00f3 el sorteo de 20 unidades habitacionales que ejecutan en las localidades de General Racedo y, Colonia Los Ceibos con financiamiento del programa Primero tu Casa &nbsp; &nbsp; Se sortearon 10 viviendas para cada una de las localidades y las familias que participaron se inscribieron y actualizaron sus datos a trav\u00e9s de la p\u00e1gina web del IAPV que se implement\u00f3 a comienzos de 2018. Los actos, que se desarrollaron en la sede del organismo en Paran\u00e1, fueron encabezados&#8230;<\/p>\n","protected":false},"author":3,"featured_media":65436,"comment_status":"closed","ping_status":"closed","sticky":false,"template":"","format":"standard","meta":[],"categories":[15],"tags":[],"_links":{"self":[{"href":"https:\/\/www.actualidadadiario.com\/index.php\/wp-json\/wp\/v2\/posts\/65435"}],"collection":[{"href":"https:\/\/www.actualidadadiario.com\/index.php\/wp-json\/wp\/v2\/posts"}],"about":[{"href":"https:\/\/www.actualidadadiario.com\/index.php\/wp-json\/wp\/v2\/types\/post"}],"author":[{"embeddable":true,"href":"https:\/\/www.actualidadadiario.com\/index.php\/wp-json\/wp\/v2\/users\/3"}],"replies":[{"embeddable":true,"href":"https:\/\/www.actualidadadiario.com\/index.php\/wp-json\/wp\/v2\/comments?post=65435"}],"version-history":[{"count":1,"href":"https:\/\/www.actualidadadiario.com\/index.php\/wp-json\/wp\/v2\/posts\/65435\/revisions"}],"predecessor-version":[{"id":65437,"href":"https:\/\/www.actualidadadiario.com\/index.php\/wp-json\/wp\/v2\/posts\/65435\/revisions\/65437"}],"wp:featuredmedia":[{"embeddable":true,"href":"https:\/\/www.actualidadadiario.com\/index.php\/wp-json\/wp\/v2\/media\/65436"}],"wp:attachment":[{"href":"https:\/\/www.actualidadadiario.com\/index.php\/wp-json\/wp\/v2\/media?parent=65435"}],"wp:term":[{"taxonomy":"category","embeddable":true,"href":"https:\/\/www.actualidadadiario.com\/index.php\/wp-json\/wp\/v2\/categories?post=65435"},{"taxonomy":"post_tag","embeddable":true,"href":"https:\/\/www.actualidadadiario.com\/index.php\/wp-json\/wp\/v2\/tags?post=65435"}],"curies":[{"name":"wp","href":"https:\/\/api.w.org\/{rel}","templated":true}]}}