{"id":65430,"date":"2020-08-13T12:27:36","date_gmt":"2020-08-13T15:27:36","guid":{"rendered":"https:\/\/www.actualidadadiario.com\/?p=65430"},"modified":"2020-08-13T12:27:36","modified_gmt":"2020-08-13T15:27:36","slug":"bordet-la-produccion-de-la-vacuna-nos-da-certidumbre-para-el-futuro","status":"publish","type":"post","link":"https:\/\/www.actualidadadiario.com\/index.php\/2020\/08\/13\/bordet-la-produccion-de-la-vacuna-nos-da-certidumbre-para-el-futuro\/","title":{"rendered":"Bordet: &#8220;La producci\u00f3n de la vacuna nos da certidumbre para el futuro&#8221;"},"content":{"rendered":"<p style=\"text-align: center;\"><em><strong>El Gobernador Gustavo Bordet destac\u00f3 el anuncio que realiz\u00f3 el Presidente. &#8220;Hoy podemos cuidarnos y cuidar al otro con m\u00e1s esperanza&#8221;, asegur\u00f3 el mandatario entrerriano. Al mismo tiempo, pidi\u00f3: &#8220;Seamos responsables&#8221;<\/strong><\/em><\/p>\n<p>&nbsp;<\/p>\n<p>&nbsp;<\/p>\n<p>El Presidente Alberto Fern\u00e1ndez anunci\u00f3 este mi\u00e9rcoles por la tarde, que Argentina producir\u00e1 la vacuna contra el coronavirus desarrollada por la universidad de Oxford y que estar\u00e1 lista para ser utilizada en el primer semestre de 2021. El costo ser\u00e1 de entre 3 y 4 d\u00f3lares.<\/p>\n<p>Tras el anuncio de Fern\u00e1ndez, Bordet se expres\u00f3 destacando la noticia. Lo hizo a trav\u00e9s de las redes sociales. &#8220;La producci\u00f3n de la vacuna contra el coronavirus entre Argentina y M\u00e9xico es una muy buena noticia que nos da certidumbre para el futuro&#8221;, asegur\u00f3 el gobernador entrerriano entendiendo adem\u00e1s que esto es &#8220;un gran logro&#8221; del Presidente, del ministro de Salud y todos sus equipos.<\/p>\n<p>En el mismo sentido consider\u00f3 que es &#8220;un orgullo para el pa\u00eds&#8221;.<\/p>\n<p>&#8220;La pandemia contin\u00faa. Pero hoy podemos cuidarnos y cuidar al otro con m\u00e1s esperanza. Seamos responsables y apoyemos el esfuerzo de nuestros m\u00e9dicos, enfermeros y agentes sanitarios&#8221;, pidi\u00f3 Bordet.<\/p>\n","protected":false},"excerpt":{"rendered":"<p>El Gobernador Gustavo Bordet destac\u00f3 el anuncio que realiz\u00f3 el Presidente. &#8220;Hoy podemos cuidarnos y cuidar al otro con m\u00e1s esperanza&#8221;, asegur\u00f3 el mandatario entrerriano. Al mismo tiempo, pidi\u00f3: &#8220;Seamos responsables&#8221; &nbsp; &nbsp; El Presidente Alberto Fern\u00e1ndez anunci\u00f3 este mi\u00e9rcoles por la tarde, que Argentina producir\u00e1 la vacuna contra el coronavirus desarrollada por la universidad de Oxford y que estar\u00e1 lista para ser utilizada en el primer semestre de 2021. El costo ser\u00e1 de entre 3 y 4 d\u00f3lares. Tras el anuncio de Fern\u00e1ndez, Bordet se expres\u00f3 destacando la noticia&#8230;.<\/p>\n","protected":false},"author":3,"featured_media":65431,"comment_status":"closed","ping_status":"closed","sticky":false,"template":"","format":"standard","meta":[],"categories":[9],"tags":[],"_links":{"self":[{"href":"https:\/\/www.actualidadadiario.com\/index.php\/wp-json\/wp\/v2\/posts\/65430"}],"collection":[{"href":"https:\/\/www.actualidadadiario.com\/index.php\/wp-json\/wp\/v2\/posts"}],"about":[{"href":"https:\/\/www.actualidadadiario.com\/index.php\/wp-json\/wp\/v2\/types\/post"}],"author":[{"embeddable":true,"href":"https:\/\/www.actualidadadiario.com\/index.php\/wp-json\/wp\/v2\/users\/3"}],"replies":[{"embeddable":true,"href":"https:\/\/www.actualidadadiario.com\/index.php\/wp-json\/wp\/v2\/comments?post=65430"}],"version-history":[{"count":1,"href":"https:\/\/www.actualidadadiario.com\/index.php\/wp-json\/wp\/v2\/posts\/65430\/revisions"}],"predecessor-version":[{"id":65432,"href":"https:\/\/www.actualidadadiario.com\/index.php\/wp-json\/wp\/v2\/posts\/65430\/revisions\/65432"}],"wp:featuredmedia":[{"embeddable":true,"href":"https:\/\/www.actualidadadiario.com\/index.php\/wp-json\/wp\/v2\/media\/65431"}],"wp:attachment":[{"href":"https:\/\/www.actualidadadiario.com\/index.php\/wp-json\/wp\/v2\/media?parent=65430"}],"wp:term":[{"taxonomy":"category","embeddable":true,"href":"https:\/\/www.actualidadadiario.com\/index.php\/wp-json\/wp\/v2\/categories?post=65430"},{"taxonomy":"post_tag","embeddable":true,"href":"https:\/\/www.actualidadadiario.com\/index.php\/wp-json\/wp\/v2\/tags?post=65430"}],"curies":[{"name":"wp","href":"https:\/\/api.w.org\/{rel}","templated":true}]}}