{"id":65420,"date":"2020-08-11T16:43:45","date_gmt":"2020-08-11T19:43:45","guid":{"rendered":"https:\/\/www.actualidadadiario.com\/?p=65420"},"modified":"2020-08-11T16:43:45","modified_gmt":"2020-08-11T19:43:45","slug":"coronavirus-en-europa-los-jovenes-son-el-principal-vector-del-rebrote","status":"publish","type":"post","link":"https:\/\/www.actualidadadiario.com\/index.php\/2020\/08\/11\/coronavirus-en-europa-los-jovenes-son-el-principal-vector-del-rebrote\/","title":{"rendered":"Coronavirus en Europa: los j\u00f3venes son el principal vector del rebrote"},"content":{"rendered":"<p style=\"text-align: center;\"><em><strong>En Europa crecen los contagios de covid en personas j\u00f3venes. Con la llegada del verano y del fin del aislamiento en pa\u00edses del viejo continente, los j\u00f3venes organizan fiestas y se transforman en los principales vectores del virus<\/strong><\/em><\/p>\n<p>&nbsp;<\/p>\n<p>&nbsp;<\/p>\n<p>&nbsp;<\/p>\n<p>Tanto la Organizaci\u00f3n Mundial de la Salud (OMS) como las autoridades sanitarias europeas se\u00f1alan que las personas de entre 15 y 25 a\u00f1os son aceleradores de los rebrotes de coronavirus porque se niegan a cumplir con las medidas preventivas, principalmente la distancia social y el uso de tapabocas en espacios p\u00fablicos. &#8220;Preg\u00fantense: \u00bfrealmente tengo necesidad de ir a esa fiesta?&#8221;, interpel\u00f3 el director de emergencias sanitarias de la OMS, Michael Ryan.<\/p>\n<p>En Ginebra, Didier Pittet, jefe del servicio de prevenci\u00f3n de infecciones del hospital universitario de la capital suiza, confirm\u00f3 que entre el 40 y el 50 por ciento de los casos detectados en las \u00faltimas dos semanas de julio &#8220;estuvieron ligados a personas que frecuentaron discotecas y bares, locales para bailar o donde la gente est\u00e1 muy junta&#8221;.<\/p>\n<p>En otros pa\u00edses, las discotecas se mantienen cerradas o s\u00f3lo funcionan como bares con las pistas de baile clausuradas. Ibiza, isla famosa por sus boliches y vida nocturna, es una de las localidades donde contin\u00faan cerrados los locales bailables. Sin embargo, hay j\u00f3venes que se re\u00fanen en fiestas clandestinas en espacios cerrados o al aire libre.<\/p>\n<p>Cerca de Manchester, Inglaterra, se organizan fiestas rave ilegales que congregaron a m\u00e1s de dos mil personas, mientras que en Londres la polic\u00eda intenta suspender otras fiestas.<\/p>\n<p>En Par\u00eds, el Bosque de Vincennes se convirti\u00f3 en el epicentro de las &#8220;free party&#8221;, fiestas clandestinas de m\u00fasica electr\u00f3nica, sin barbijos ni distancia social. &#8220;Dejemos que los j\u00f3venes se infecten -propuso Eric Caumes, especialista en enfermedades infecciosas del hospital Piti\u00e9-Salp\u00e9tri\u00e8re en Par\u00eds-. Lo ideal ser\u00eda que todos los menores de 30 se inmunicen de forma natural y que protejamos a los mayores de 50 hasta que llegue una vacuna o un tratamiento eficaz&#8221;.<\/p>\n<p>La estrategia de \u201cinmunidad del reba\u00f1o\u201d hab\u00eda sido propuesta por el primer ministro brit\u00e1nico, Boris Johnson, aunque luego, debido al aumento de los contagios, endureci\u00f3 las medidas de prevenci\u00f3n. El mismo Johnson estuvo internado por Covid-19.<\/p>\n<p>En Alemania, el jefe del instituto de referencia Robert Koch, Lothar Wieler, advirti\u00f3 por las fiestas \u201ctemerarias\u201d. &#8220;Aun cuando son j\u00f3venes, estad\u00edsticamente menos susceptibles de estar gravemente enfermos, pueden infectar a sus familias&#8221;, record\u00f3 el especialista y se\u00f1al\u00f3 que el n\u00famero de contagios, muchos de ellos asintom\u00e1ticos, est\u00e1 en aumento.<\/p>\n<p>Fernando Sim\u00f3n, epidemi\u00f3logo del Ministerio de Sanidad de Espa\u00f1a, afirm\u00f3 que los j\u00f3venes son &#8220;un grupo m\u00e1s dif\u00edcil de controlar&#8221; porque tienen &#8220;un estilo de vida y unas ganas de vivir muy diferentes a otros&#8221;. Sim\u00f3n sugiri\u00f3 imponer &#8220;alg\u00fan mecanismo punitivo&#8221;, pero sin &#8220;demonizar a estas personas&#8221;.<\/p>\n<p>La Alcald\u00eda de Madrid ha lanzado fuertes campa\u00f1as de prevenci\u00f3n: una sobre el riesgo de compartir el pico de las botellas y otra sobre la importancia de usar tapabocas, a pesar de que a algunos les pueda resultar inc\u00f3moda.<\/p>\n","protected":false},"excerpt":{"rendered":"<p>En Europa crecen los contagios de covid en personas j\u00f3venes. Con la llegada del verano y del fin del aislamiento en pa\u00edses del viejo continente, los j\u00f3venes organizan fiestas y se transforman en los principales vectores del virus &nbsp; &nbsp; &nbsp; Tanto la Organizaci\u00f3n Mundial de la Salud (OMS) como las autoridades sanitarias europeas se\u00f1alan que las personas de entre 15 y 25 a\u00f1os son aceleradores de los rebrotes de coronavirus porque se niegan a cumplir con las medidas preventivas, principalmente la distancia social y el uso de tapabocas en&#8230;<\/p>\n","protected":false},"author":3,"featured_media":65421,"comment_status":"closed","ping_status":"closed","sticky":false,"template":"","format":"standard","meta":[],"categories":[4],"tags":[],"_links":{"self":[{"href":"https:\/\/www.actualidadadiario.com\/index.php\/wp-json\/wp\/v2\/posts\/65420"}],"collection":[{"href":"https:\/\/www.actualidadadiario.com\/index.php\/wp-json\/wp\/v2\/posts"}],"about":[{"href":"https:\/\/www.actualidadadiario.com\/index.php\/wp-json\/wp\/v2\/types\/post"}],"author":[{"embeddable":true,"href":"https:\/\/www.actualidadadiario.com\/index.php\/wp-json\/wp\/v2\/users\/3"}],"replies":[{"embeddable":true,"href":"https:\/\/www.actualidadadiario.com\/index.php\/wp-json\/wp\/v2\/comments?post=65420"}],"version-history":[{"count":1,"href":"https:\/\/www.actualidadadiario.com\/index.php\/wp-json\/wp\/v2\/posts\/65420\/revisions"}],"predecessor-version":[{"id":65422,"href":"https:\/\/www.actualidadadiario.com\/index.php\/wp-json\/wp\/v2\/posts\/65420\/revisions\/65422"}],"wp:featuredmedia":[{"embeddable":true,"href":"https:\/\/www.actualidadadiario.com\/index.php\/wp-json\/wp\/v2\/media\/65421"}],"wp:attachment":[{"href":"https:\/\/www.actualidadadiario.com\/index.php\/wp-json\/wp\/v2\/media?parent=65420"}],"wp:term":[{"taxonomy":"category","embeddable":true,"href":"https:\/\/www.actualidadadiario.com\/index.php\/wp-json\/wp\/v2\/categories?post=65420"},{"taxonomy":"post_tag","embeddable":true,"href":"https:\/\/www.actualidadadiario.com\/index.php\/wp-json\/wp\/v2\/tags?post=65420"}],"curies":[{"name":"wp","href":"https:\/\/api.w.org\/{rel}","templated":true}]}}