{"id":65414,"date":"2020-08-11T16:41:48","date_gmt":"2020-08-11T19:41:48","guid":{"rendered":"https:\/\/www.actualidadadiario.com\/?p=65414"},"modified":"2020-08-11T16:41:48","modified_gmt":"2020-08-11T19:41:48","slug":"la-cruz-roja-denuncio-que-232-993-trabajadores-sanitarios-de-brasil-se-contagiaron","status":"publish","type":"post","link":"https:\/\/www.actualidadadiario.com\/index.php\/2020\/08\/11\/la-cruz-roja-denuncio-que-232-993-trabajadores-sanitarios-de-brasil-se-contagiaron\/","title":{"rendered":"La Cruz Roja denunci\u00f3 que 232.993 trabajadores sanitarios de Brasil se contagiaron"},"content":{"rendered":"<p style=\"text-align: center;\"><em><strong>En un comunicado, el CICR lament\u00f3 que Brasil &#8220;no solo sea el segundo pa\u00eds m\u00e1s golpeado por la pandemia, con m\u00e1s de 100.000 muertos&#8221; sino adem\u00e1s el que tiene m\u00e1s sanitarios y trabajadores esenciales afectados<\/strong><\/em><\/p>\n<p>&nbsp;<\/p>\n<p>El Comit\u00e9 Internacional de Cruz Roja (CICR) denunci\u00f3 este lunes que 232.993 trabajadores sanitarios de Brasil contrajeron coronavirus desde el inicio de la pandemia y alert\u00f3 sobre los riesgos a los que se enfrentan en la primera l\u00ednea de lucha contra el virus.<\/p>\n<p>Por ello, el CICR y Cruz Roja pusieron en marcha una campa\u00f1a para lograr un &#8220;mayor respeto y protecci\u00f3n&#8221; para estos trabajadores, que buscan acabar con el estigma y fomentar el apoyo.<\/p>\n<p>La enfermera paulista Natalia Mercurio explic\u00f3 a la organizaci\u00f3n que en un principio hubo &#8220;un periodo de p\u00e1nico&#8221; en el que estos trabajadores experimentaban &#8220;abusos e insultos&#8221; en los principales medios de transporte del pa\u00eds.<\/p>\n<p>&#8220;Salimos de casa con la idea de ser cuidadosos para poder volver a casa, pero al mismo tiempo tenemos mucho miedo&#8221;, manifest\u00f3 un alto cargo del hospital Moacyr do Carmo, en el estado de R\u00edo de Janeiro.<\/p>\n<p>Seg\u00fan datos del Ministerio de Sanidad brasile\u00f1o, 196 trabajadores sanitarios murieron a causa de la Covid-19, si bien a\u00fan hay un gran n\u00famero de casos que se est\u00e1n investigando.<\/p>\n<p>El Consejo Federal de Enfermer\u00eda estima que los casos entre los enfermeros es de 32.279, mientras que los fallecidos son 334.<\/p>\n<p>No obstante, un sondeo realizado por el Instituto Datafolha de Brasil en julio \u00faltimo se\u00f1ala que los m\u00e9dicos son los profesionales en los que m\u00e1s conf\u00eda la poblaci\u00f3n en la actualidad y, aunque el 51 por ciento de los encuestados considera que el trabajo de los sanitarios est\u00e1 suficientemente reconocido, la mayor\u00eda considera que sus condiciones de trabajo son vagamente satisfactorias, cuando no &#8220;pobres&#8221; o &#8220;insuficientes&#8221;.<\/p>\n<p>La cifra de casos acumulados confirmados en Brasil es de 3.057.470 tras haber contabilizado otros 22.048 en el \u00faltimo d\u00eda. En total, 101.752 personas han fallecido por el momento.<\/p>\n<p>De acuerdo con los datos del m\u00e1s reciente bolet\u00edn epidemiol\u00f3gico divulgado por la cartera, se trata de la tercera jornada consecutiva en la que el n\u00famero de muertos diarios se sit\u00faa por debajo del millar, ya que el s\u00e1bado fueron contabilizados 905 fallecidos, 572 el domingo y, este lunes, 703.<\/p>\n<p>Sin embargo, el propio ministerio ha explicado en reiteradas ocasiones que los n\u00fameros suelen bajar los fines de semana debido a que se reduce el personal que se ocupa de recopilar los datos, por lo que estos son actualizados con un mayor rigor a lo largo de la semana.<\/p>\n<p>Estos n\u00fameros hacen que los Gobiernos regionales se vean necesitados de tomar medidas de precauci\u00f3n, una m\u00e1s creativas otras no tanto, para evitar los contagios, que parecen no tener fin.<\/p>\n<p>En R\u00edo de Janeiro, la ciudad m\u00e1s emblem\u00e1tica de Brasil, los cariocas y turistas que deseen tomar sol en las playas tendr\u00e1n que reservar su espacio por una aplicaci\u00f3n de celular, seg\u00fan anunci\u00f3 el alcalde Marcelo Crivella, report\u00f3 la agencia EFE.<\/p>\n<p>En la &#8220;cidade maravilhosa&#8221; se permiten desde hace un par de semanas las actividades deportivas en las playas -con tapabocas- y que la gente se ba\u00f1e en el mar, pero sin permanecer en la arena, pero la presencia de los cariocas en las playas de Copacabana, Ipanema y Barra de Tijuca, en el oeste de la ciudad, es cada vez m\u00e1s frecuente.<\/p>\n<p>&#8220;Esta semana vamos a organizar las playas para que la gente se mantenga a distancia en la arena&#8221;, asegur\u00f3 Crivella durante la presentaci\u00f3n de un equipo m\u00e9dico que viajar\u00e1 al L\u00edbano para apoyar a las v\u00edctimas de la explosi\u00f3n en Beirut, que ya deja al menos 160 muertos y 6.000 heridos.<\/p>\n<p>&#8220;Las personas podr\u00e1n ocupar estas demarcaciones a su llegada y tambi\u00e9n reservando en la aplicaci\u00f3n. La idea es que as\u00ed podamos organizar mejor lo que hoy no est\u00e1 bien&#8221;, agreg\u00f3.<\/p>\n<p>Los detalles sobre c\u00f3mo funcionara el sistema de reserva ser\u00e1n anunciados hacia el fin de semana y mientras tanto Crivella pidi\u00f3 a la gente no aglomerarse en las playas.<\/p>\n","protected":false},"excerpt":{"rendered":"<p>En un comunicado, el CICR lament\u00f3 que Brasil &#8220;no solo sea el segundo pa\u00eds m\u00e1s golpeado por la pandemia, con m\u00e1s de 100.000 muertos&#8221; sino adem\u00e1s el que tiene m\u00e1s sanitarios y trabajadores esenciales afectados &nbsp; El Comit\u00e9 Internacional de Cruz Roja (CICR) denunci\u00f3 este lunes que 232.993 trabajadores sanitarios de Brasil contrajeron coronavirus desde el inicio de la pandemia y alert\u00f3 sobre los riesgos a los que se enfrentan en la primera l\u00ednea de lucha contra el virus. Por ello, el CICR y Cruz Roja pusieron en marcha una&#8230;<\/p>\n","protected":false},"author":3,"featured_media":65415,"comment_status":"closed","ping_status":"closed","sticky":false,"template":"","format":"standard","meta":[],"categories":[4],"tags":[],"_links":{"self":[{"href":"https:\/\/www.actualidadadiario.com\/index.php\/wp-json\/wp\/v2\/posts\/65414"}],"collection":[{"href":"https:\/\/www.actualidadadiario.com\/index.php\/wp-json\/wp\/v2\/posts"}],"about":[{"href":"https:\/\/www.actualidadadiario.com\/index.php\/wp-json\/wp\/v2\/types\/post"}],"author":[{"embeddable":true,"href":"https:\/\/www.actualidadadiario.com\/index.php\/wp-json\/wp\/v2\/users\/3"}],"replies":[{"embeddable":true,"href":"https:\/\/www.actualidadadiario.com\/index.php\/wp-json\/wp\/v2\/comments?post=65414"}],"version-history":[{"count":1,"href":"https:\/\/www.actualidadadiario.com\/index.php\/wp-json\/wp\/v2\/posts\/65414\/revisions"}],"predecessor-version":[{"id":65416,"href":"https:\/\/www.actualidadadiario.com\/index.php\/wp-json\/wp\/v2\/posts\/65414\/revisions\/65416"}],"wp:featuredmedia":[{"embeddable":true,"href":"https:\/\/www.actualidadadiario.com\/index.php\/wp-json\/wp\/v2\/media\/65415"}],"wp:attachment":[{"href":"https:\/\/www.actualidadadiario.com\/index.php\/wp-json\/wp\/v2\/media?parent=65414"}],"wp:term":[{"taxonomy":"category","embeddable":true,"href":"https:\/\/www.actualidadadiario.com\/index.php\/wp-json\/wp\/v2\/categories?post=65414"},{"taxonomy":"post_tag","embeddable":true,"href":"https:\/\/www.actualidadadiario.com\/index.php\/wp-json\/wp\/v2\/tags?post=65414"}],"curies":[{"name":"wp","href":"https:\/\/api.w.org\/{rel}","templated":true}]}}