{"id":65409,"date":"2020-08-11T16:39:53","date_gmt":"2020-08-11T19:39:53","guid":{"rendered":"https:\/\/www.actualidadadiario.com\/?p=65409"},"modified":"2020-08-11T16:39:53","modified_gmt":"2020-08-11T19:39:53","slug":"dejaron-sin-vacunas-ni-ministerio-de-salud-a-la-argentina-y-se-atreven-a-decir-barbaridades","status":"publish","type":"post","link":"https:\/\/www.actualidadadiario.com\/index.php\/2020\/08\/11\/dejaron-sin-vacunas-ni-ministerio-de-salud-a-la-argentina-y-se-atreven-a-decir-barbaridades\/","title":{"rendered":"\u201cDejaron sin vacunas ni ministerio de Salud a la Argentina y se atreven a decir barbaridades\u201d"},"content":{"rendered":"<p style=\"text-align: center;\"><em><strong>A pocos d\u00edas de definir c\u00f3mo sigue la cuarentena, el ministro de Salud, Gin\u00e9s Gonz\u00e1lez Garc\u00eda, destac\u00f3 que &#8220;seguimos teniendo un bajo n\u00famero de muertos, que es lo que quisimos evitar de entrada&#8221; y cuestion\u00f3 la postura cr\u00edtica con la cuarentena de su antecesor, Adolfo Rubinstein<\/strong><\/em><\/p>\n<p>&nbsp;<\/p>\n<p>&nbsp;<\/p>\n<p>&#8220;Por hacerle caso, sus correligionarios tomaron medida de apertura masiva, como Jujuy. Bastante da\u00f1o hizo antes como para que siga haci\u00e9ndolo ahora&#8221;, remarc\u00f3 el titular de la cartera de Salud. Del mismo modo, dispar\u00f3 contra Mendoza: &#8220;Tambi\u00e9n ha actuado porque \u00e9l es consejero all\u00e1 y dice cosas&#8221;.<\/p>\n<p>Por otro lado, critic\u00f3 la gesti\u00f3n de Rubinstein a cargo del Ministerio de Salud: &#8220;No solo fue un p\u00e9simo ministro, sino que es peor ex ministro&#8221;. \u201cTiene 6 causas judiciales por su gesti\u00f3n. Se est\u00e1 haciendo la v\u00edctima, es inadmisible lo que hace. Con Macri no me enojo, nunca le importaron los argentinos, por eso dice lo que dice desde M\u00f3naco&#8221;, agreg\u00f3 el funcionario en declaraciones radiales.<\/p>\n<p>\u201cDejaron sin vacunas ni ministerio de Salud a la Argentina y se atreven a decir barbaridades\u201d, complet\u00f3.<\/p>\n","protected":false},"excerpt":{"rendered":"<p>A pocos d\u00edas de definir c\u00f3mo sigue la cuarentena, el ministro de Salud, Gin\u00e9s Gonz\u00e1lez Garc\u00eda, destac\u00f3 que &#8220;seguimos teniendo un bajo n\u00famero de muertos, que es lo que quisimos evitar de entrada&#8221; y cuestion\u00f3 la postura cr\u00edtica con la cuarentena de su antecesor, Adolfo Rubinstein &nbsp; &nbsp; &#8220;Por hacerle caso, sus correligionarios tomaron medida de apertura masiva, como Jujuy. Bastante da\u00f1o hizo antes como para que siga haci\u00e9ndolo ahora&#8221;, remarc\u00f3 el titular de la cartera de Salud. Del mismo modo, dispar\u00f3 contra Mendoza: &#8220;Tambi\u00e9n ha actuado porque \u00e9l es&#8230;<\/p>\n","protected":false},"author":3,"featured_media":64596,"comment_status":"closed","ping_status":"closed","sticky":false,"template":"","format":"standard","meta":[],"categories":[18],"tags":[],"_links":{"self":[{"href":"https:\/\/www.actualidadadiario.com\/index.php\/wp-json\/wp\/v2\/posts\/65409"}],"collection":[{"href":"https:\/\/www.actualidadadiario.com\/index.php\/wp-json\/wp\/v2\/posts"}],"about":[{"href":"https:\/\/www.actualidadadiario.com\/index.php\/wp-json\/wp\/v2\/types\/post"}],"author":[{"embeddable":true,"href":"https:\/\/www.actualidadadiario.com\/index.php\/wp-json\/wp\/v2\/users\/3"}],"replies":[{"embeddable":true,"href":"https:\/\/www.actualidadadiario.com\/index.php\/wp-json\/wp\/v2\/comments?post=65409"}],"version-history":[{"count":1,"href":"https:\/\/www.actualidadadiario.com\/index.php\/wp-json\/wp\/v2\/posts\/65409\/revisions"}],"predecessor-version":[{"id":65410,"href":"https:\/\/www.actualidadadiario.com\/index.php\/wp-json\/wp\/v2\/posts\/65409\/revisions\/65410"}],"wp:featuredmedia":[{"embeddable":true,"href":"https:\/\/www.actualidadadiario.com\/index.php\/wp-json\/wp\/v2\/media\/64596"}],"wp:attachment":[{"href":"https:\/\/www.actualidadadiario.com\/index.php\/wp-json\/wp\/v2\/media?parent=65409"}],"wp:term":[{"taxonomy":"category","embeddable":true,"href":"https:\/\/www.actualidadadiario.com\/index.php\/wp-json\/wp\/v2\/categories?post=65409"},{"taxonomy":"post_tag","embeddable":true,"href":"https:\/\/www.actualidadadiario.com\/index.php\/wp-json\/wp\/v2\/tags?post=65409"}],"curies":[{"name":"wp","href":"https:\/\/api.w.org\/{rel}","templated":true}]}}