{"id":65407,"date":"2020-08-11T16:39:10","date_gmt":"2020-08-11T19:39:10","guid":{"rendered":"https:\/\/www.actualidadadiario.com\/?p=65407"},"modified":"2020-08-11T16:39:10","modified_gmt":"2020-08-11T19:39:10","slug":"juntos-por-el-cambio-se-niega-a-tratar-la-reforma-judicial-en-forma-remota","status":"publish","type":"post","link":"https:\/\/www.actualidadadiario.com\/index.php\/2020\/08\/11\/juntos-por-el-cambio-se-niega-a-tratar-la-reforma-judicial-en-forma-remota\/","title":{"rendered":"Juntos por el Cambio se niega a tratar la reforma judicial en forma remota"},"content":{"rendered":"<p style=\"text-align: center;\"><em><strong>Mientras el debate por la Reforma Judicial contin\u00faa el martes en el Senado, la estrategia de Juntos por el Cambio es frenar el proyecto del Gobierno en la C\u00e1mara baja neg\u00e1ndose a tratarlo en forma virtual, a pesar del aumento de contagios por la pandemia de la covid-19. El jefe de Gabinete, Santiago Cafiero, ratific\u00f3 la postura del Ejecutivo y del Frente de Todos, al afirmar que est\u00e1n dispuestos a incorporar \u201cherramientas y propuestas para mejorar el proyecto\u201d, pero tambi\u00e9n cuestion\u00f3 a la alianza opositora por rechazar la iniciativa antes de conocer su texto<\/strong><\/em><\/p>\n<p>&nbsp;<\/p>\n<p>&nbsp;<\/p>\n<p>La estrategia opositora se ratific\u00f3 en una reuni\u00f3n por Zoom de todo el espacio que se realiz\u00f3 este lunes y del que particip\u00f3 Mauricio Macri desde Francia, incluidos sus bloques de senadores y diputados: \u201cno tratar la reforma judicial de manera remota\u201d. Aunque la postura no forma parte de ning\u00fan documento oficial ni del \u201cpunteo\u201d que difundieron sus voceros, la decisi\u00f3n est\u00e1 tomada.<\/p>\n<p>Pero la actitud del interbloque de JpC no podr\u00e1 ser uniforme. El debate continuar\u00e1 en el Senado en su tercera jornada sobre la reforma judicial con una decena de expositores ante el plenario de comisiones de Asuntos Constitucionales y de Justicia y Asuntos Penales. En la C\u00e1mara alta, est\u00e1 vigente por 60 d\u00edas la pr\u00f3rroga del protocolo para sesiones remotas y sin condicionamientos sobre el temario a tratar.<\/p>\n<p>All\u00ed, el FdT no tiene obst\u00e1culos para avanzar con la discusi\u00f3n en forma virtual y cuenta con las manos suficientes para darle media sanci\u00f3n. El oficialismo quiere agotar esta semana (durante el plenario que volver\u00e1 a reunirse este jueves) el paso de todos los expositores propuestos \u2013desde el FdT y JpC\u2014 para avanzar en la discusi\u00f3n en el seno de las comisiones.<\/p>\n<p>A partir de las 14, expondr\u00e1 por videoconferencia la ministra de Mujeres, G\u00e9nero y Diversidad, Elizabeth G\u00f3mez Alcorta. Luego ser\u00e1 el turno de la directora ejecutiva del Centro de Estudios Legales y Sociales (CELS), Paula Litvachky. A ellas se sumar\u00e1n el fiscal en lo Criminal y Correccional Federal de la CABA y presidente de la Asociaci\u00f3n de Fiscales y Funcionarios del Ministerio P\u00fablico Fiscal, Carlos R\u00edvolo; el constitucionalista Andr\u00e9s Gil Dom\u00ednguez, uno de los integrantes del consejo asesor creado por el Ejecutivo para impulsar cambios en la administraci\u00f3n de justicia.<\/p>\n<p>Tambi\u00e9n fueron convocados Jorge Rizzo, de Espacio Gente de Derecho; la Defensora General de la Naci\u00f3n, Stella Maris Mart\u00ednez; y el ex consejero de la Magistratura, Alejandro Fargosi, en representaci\u00f3n del Colegio de Abogados de la Ciudad de Buenos Aires. Adem\u00e1s de la fiscal de los Tribunales Federales de Comodoro Py, Gabriela Baig\u00fan; el presidente del Instituto de Estudios Legislativos de la Federaci\u00f3n Argentina de Colegios de Abogados, Fernando D\u00edaz Cant\u00f3n; y la fiscal M\u00f3nica Cu\u00f1arro.<\/p>\n<p>El plenario &#8220;recepciona\u00a0 y sistematiza\u201d las propuestas de modificaciones realizadas por los expertos que participan del debate para evaluarlas. \u201cEl Gobierno est\u00e1 abierto a escuchar las propuestas de modificaci\u00f3n siempre y cuando no se lo modifique en su esencia que es poder reestablecer la garant\u00eda constitucional que durante los cuatro a\u00f1os de Mauricio Macri se vieron fuertemente vulneradas\u201d, afirm\u00f3 la senadora Mar\u00eda de los \u00c1ngeles Sacnun (FdT), quien preside el plenario.<\/p>\n<p>En el mismo sentido se pronunci\u00f3 Cafiero. \u201cNosotros siempre hemos sido parte de promover el di\u00e1logo democr\u00e1tico, ese fue nuestra forma de trabajar. Cuando enviamos proyectos a las C\u00e1maras promovemos el di\u00e1logo y el debate y muchas propuestas han sido modificadas con mejoras\u201d, sostuvo el jefe de Gabinete. Pero ante la consulta sobre la negativa de la oposici\u00f3n de tratar la reforma judicial en forma virtual, Cafiero expres\u00f3 que \u201csorprende bastante que quienes siempre declamaban el di\u00e1logo pol\u00edtico que antes de leer el proyecto ya planteen que lo van a votar en contra. Lejos de fortalecer la democracia lo que hace es perjudicarla\u201d.<\/p>\n<p>En minor\u00eda, los senadores de JpC plantean cuestionamientos como \u201cla oportunidad\u201d del debate y el \u201ccosto\u201d de la reforma. Pero sin ninguna chance de bloquear el proyecto.<\/p>\n<p>Diferente es la situaci\u00f3n en Diputados, donde la \u00faltima pr\u00f3rroga por 30 d\u00edas del protocolo para las sesiones virtuales, que JpC condicion\u00f3 a proyectos \u201ccon dictamen de comisi\u00f3n\u201d y \u201ctemario acordado por todos los bloques\u201d est\u00e1 vencido.<\/p>\n<p>Las condiciones para una nueva pr\u00f3rroga del protocolo ser\u00e1 el argumento que utilizar\u00e1 la alianza opositora para negarse a tratar de frenar la reforma judicial, si el debate en la C\u00e1mara baja no se realiza en forma \u201cpresencial\u201d a pesar de los aumentos de contagios de coronavirus que tensionan el sistema sanitario.<\/p>\n<p>Habr\u00e1 que ver como sortear\u00e1 el oficialismo este obst\u00e1culo opositor para cuando la reforma llegue a la C\u00e1mara de Diputados, previsto para el mes de septiembre.<\/p>\n","protected":false},"excerpt":{"rendered":"<p>Mientras el debate por la Reforma Judicial contin\u00faa el martes en el Senado, la estrategia de Juntos por el Cambio es frenar el proyecto del Gobierno en la C\u00e1mara baja neg\u00e1ndose a tratarlo en forma virtual, a pesar del aumento de contagios por la pandemia de la covid-19. El jefe de Gabinete, Santiago Cafiero, ratific\u00f3 la postura del Ejecutivo y del Frente de Todos, al afirmar que est\u00e1n dispuestos a incorporar \u201cherramientas y propuestas para mejorar el proyecto\u201d, pero tambi\u00e9n cuestion\u00f3 a la alianza opositora por rechazar la iniciativa antes&#8230;<\/p>\n","protected":false},"author":3,"featured_media":61270,"comment_status":"closed","ping_status":"closed","sticky":false,"template":"","format":"standard","meta":[],"categories":[18],"tags":[],"_links":{"self":[{"href":"https:\/\/www.actualidadadiario.com\/index.php\/wp-json\/wp\/v2\/posts\/65407"}],"collection":[{"href":"https:\/\/www.actualidadadiario.com\/index.php\/wp-json\/wp\/v2\/posts"}],"about":[{"href":"https:\/\/www.actualidadadiario.com\/index.php\/wp-json\/wp\/v2\/types\/post"}],"author":[{"embeddable":true,"href":"https:\/\/www.actualidadadiario.com\/index.php\/wp-json\/wp\/v2\/users\/3"}],"replies":[{"embeddable":true,"href":"https:\/\/www.actualidadadiario.com\/index.php\/wp-json\/wp\/v2\/comments?post=65407"}],"version-history":[{"count":1,"href":"https:\/\/www.actualidadadiario.com\/index.php\/wp-json\/wp\/v2\/posts\/65407\/revisions"}],"predecessor-version":[{"id":65408,"href":"https:\/\/www.actualidadadiario.com\/index.php\/wp-json\/wp\/v2\/posts\/65407\/revisions\/65408"}],"wp:featuredmedia":[{"embeddable":true,"href":"https:\/\/www.actualidadadiario.com\/index.php\/wp-json\/wp\/v2\/media\/61270"}],"wp:attachment":[{"href":"https:\/\/www.actualidadadiario.com\/index.php\/wp-json\/wp\/v2\/media?parent=65407"}],"wp:term":[{"taxonomy":"category","embeddable":true,"href":"https:\/\/www.actualidadadiario.com\/index.php\/wp-json\/wp\/v2\/categories?post=65407"},{"taxonomy":"post_tag","embeddable":true,"href":"https:\/\/www.actualidadadiario.com\/index.php\/wp-json\/wp\/v2\/tags?post=65407"}],"curies":[{"name":"wp","href":"https:\/\/api.w.org\/{rel}","templated":true}]}}