{"id":65404,"date":"2020-08-11T16:37:57","date_gmt":"2020-08-11T19:37:57","guid":{"rendered":"https:\/\/www.actualidadadiario.com\/?p=65404"},"modified":"2020-08-11T16:37:57","modified_gmt":"2020-08-11T19:37:57","slug":"para-guzman-la-negociacion-con-el-fmi-sera-dura-y-cerrara-a-comienzos-del-ano-proximo","status":"publish","type":"post","link":"https:\/\/www.actualidadadiario.com\/index.php\/2020\/08\/11\/para-guzman-la-negociacion-con-el-fmi-sera-dura-y-cerrara-a-comienzos-del-ano-proximo\/","title":{"rendered":"Para Guzm\u00e1n, la negociaci\u00f3n con el FMI &#8220;ser\u00e1 dura&#8221; y cerrar\u00e1 a comienzos del a\u00f1o pr\u00f3ximo"},"content":{"rendered":"<p style=\"text-align: center;\"><em><strong>&#8220;No lo vemos r\u00e1pido el acuerdo por la cantidad de cuestiones que hay que negociar&#8221;, indic\u00f3 el ministro, y remarc\u00f3 que no se har\u00e1 &#8220;nada que vaya en contra de un sendero de desarrollo virtuoso y estable para la Argentina\u201d<\/strong><\/em><\/p>\n<p>&nbsp;<\/p>\n<p>&nbsp;<\/p>\n<p>El ministro de Econom\u00eda, Mart\u00edn Guzm\u00e1n, afirm\u00f3 hoy que la negociaci\u00f3n por la deuda con el Fondo Monetario Internacional (FMI) \u201cser\u00e1 dura y va a llevar meses\u201d, y estim\u00f3 que \u201ces posible que reci\u00e9n a comienzos del a\u00f1o que viene&#8221; se pueda &#8220;cerrar un acuerdo\u201d.<\/p>\n<p>\u201cNo lo vemos r\u00e1pido el acuerdo por la cantidad de cuestiones que hay que negociar\u201d, indic\u00f3 Guzm\u00e1n en declaraciones formuladas esta ma\u00f1ana a la FM Metro 95.1, en las que remarc\u00f3 que el pa\u00eds discutir\u00e1 &#8220;cada detalle sobre la base de la prudencia&#8221;.<\/p>\n<p>\u201cVamos a generar un debate amplio que va a llevar tiempo; vamos a discutir cada detalle sobre la base de la prudencia. Va a llevar meses, es posible que reci\u00e9n a comienzos del a\u00f1o que viene podamos cerrar\u201d, asever\u00f3 el ministro.<\/p>\n<p>En ese marco, el titular del Palacio de Hacienda no descart\u00f3 que el FMI pueda intentar poner alg\u00fan tipo de condici\u00f3n a la negociaci\u00f3n de la deuda con ese organismo, como una flexibilizaci\u00f3n laboral o una reforma previsional, pero asegur\u00f3 que el pa\u00eds no aceptar\u00e1 \u201cnada que vaya en contra del desarrollo de la Argentina\u201d.<\/p>\n<p>\u201cSeguramente habr\u00e1 intereses (del Fondo) que se van a ver manifestados en las negociaciones. No se tiene que descartar que ese tipo de pedidos puedan empezar a manifestarse\u201d, reconoci\u00f3 Guzm\u00e1n, en alusi\u00f3n a las leyes ya reclamadas por el organismo en otras oportunidades.<\/p>\n<p>No obstante, remarc\u00f3: \u201cNo vamos a hacer nada que vaya en contra de un sendero de desarrollo virtuoso y estable para la Argentina\u201d.<\/p>\n","protected":false},"excerpt":{"rendered":"<p>&#8220;No lo vemos r\u00e1pido el acuerdo por la cantidad de cuestiones que hay que negociar&#8221;, indic\u00f3 el ministro, y remarc\u00f3 que no se har\u00e1 &#8220;nada que vaya en contra de un sendero de desarrollo virtuoso y estable para la Argentina\u201d &nbsp; &nbsp; El ministro de Econom\u00eda, Mart\u00edn Guzm\u00e1n, afirm\u00f3 hoy que la negociaci\u00f3n por la deuda con el Fondo Monetario Internacional (FMI) \u201cser\u00e1 dura y va a llevar meses\u201d, y estim\u00f3 que \u201ces posible que reci\u00e9n a comienzos del a\u00f1o que viene&#8221; se pueda &#8220;cerrar un acuerdo\u201d. \u201cNo lo vemos&#8230;<\/p>\n","protected":false},"author":3,"featured_media":65405,"comment_status":"closed","ping_status":"closed","sticky":false,"template":"","format":"standard","meta":[],"categories":[18],"tags":[],"_links":{"self":[{"href":"https:\/\/www.actualidadadiario.com\/index.php\/wp-json\/wp\/v2\/posts\/65404"}],"collection":[{"href":"https:\/\/www.actualidadadiario.com\/index.php\/wp-json\/wp\/v2\/posts"}],"about":[{"href":"https:\/\/www.actualidadadiario.com\/index.php\/wp-json\/wp\/v2\/types\/post"}],"author":[{"embeddable":true,"href":"https:\/\/www.actualidadadiario.com\/index.php\/wp-json\/wp\/v2\/users\/3"}],"replies":[{"embeddable":true,"href":"https:\/\/www.actualidadadiario.com\/index.php\/wp-json\/wp\/v2\/comments?post=65404"}],"version-history":[{"count":1,"href":"https:\/\/www.actualidadadiario.com\/index.php\/wp-json\/wp\/v2\/posts\/65404\/revisions"}],"predecessor-version":[{"id":65406,"href":"https:\/\/www.actualidadadiario.com\/index.php\/wp-json\/wp\/v2\/posts\/65404\/revisions\/65406"}],"wp:featuredmedia":[{"embeddable":true,"href":"https:\/\/www.actualidadadiario.com\/index.php\/wp-json\/wp\/v2\/media\/65405"}],"wp:attachment":[{"href":"https:\/\/www.actualidadadiario.com\/index.php\/wp-json\/wp\/v2\/media?parent=65404"}],"wp:term":[{"taxonomy":"category","embeddable":true,"href":"https:\/\/www.actualidadadiario.com\/index.php\/wp-json\/wp\/v2\/categories?post=65404"},{"taxonomy":"post_tag","embeddable":true,"href":"https:\/\/www.actualidadadiario.com\/index.php\/wp-json\/wp\/v2\/tags?post=65404"}],"curies":[{"name":"wp","href":"https:\/\/api.w.org\/{rel}","templated":true}]}}