{"id":65401,"date":"2020-08-11T16:37:06","date_gmt":"2020-08-11T19:37:06","guid":{"rendered":"https:\/\/www.actualidadadiario.com\/?p=65401"},"modified":"2020-08-11T16:37:06","modified_gmt":"2020-08-11T19:37:06","slug":"massa-definio-al-frente-de-todos-como-un-exito","status":"publish","type":"post","link":"https:\/\/www.actualidadadiario.com\/index.php\/2020\/08\/11\/massa-definio-al-frente-de-todos-como-un-exito\/","title":{"rendered":"Massa defini\u00f3 al Frente de Todos como un \u00ab\u00e9xito\u00bb"},"content":{"rendered":"<p style=\"text-align: center;\"><em><strong>Sergio Massa realiz\u00f3 una serie de declaraciones sobre el accionar del Gobierno durante la pandemia<\/strong><\/em><\/p>\n<p>&nbsp;<\/p>\n<p>&nbsp;<\/p>\n<p>Este lunes por la noche, Sergio Massa, presidente de la C\u00e1mara de Diputados, y fundamental miembro del oficialismo, particip\u00f3 del programa televisivo Verdad Consecuencia, del Canal TN (Todo Noticias). El programa conducido por Luciana Geuna y Mar\u00eda Eugenia Duffard transcurri\u00f3 durante las \u00faltimas horas del lunes. El representante del Frente de Todos se refiri\u00f3 a los problemas del delito que ocurren en la Argentina.<\/p>\n<p>Massa asegur\u00f3 que \u201cno es momento para discusiones personales, la gente que sufre la inseguridad, que vive con miedo lo que espera es que nos sentemos a la mesa y busquemos soluciones. Estamos trabajando en un abordaje conjunto para la prevenci\u00f3n del delito\u201d. \u201cQuiero dejarlo claro: para quienes integramos el Frente De Todos el problema de la inseguridad no es menor\u201d, a\u00f1adi\u00f3.<\/p>\n<p>\u201cEl presidente Alberto Fern\u00e1ndez habl\u00f3 con el Gobernador y los intendentes para poner en marcha un plan integral con tecnolog\u00eda para municipios\u201d explic\u00f3, mientras que defini\u00f3: \u201cHay que trabajar en la prevenci\u00f3n del delito\u201d. \u201cEl presidente est\u00e1 tomando la decisi\u00f3n de transferirle recursos a los municipios del \u00e1rea metropolitana. Es necesario un trabajo unificado que adem\u00e1s brinde herramientas tecnol\u00f3gicas a las fuerzas de seguridad\u201d, remarc\u00f3 Massa.<\/p>\n<p>En otra de sus declaraciones del programa televisivo, Massa observ\u00f3: \u201cTenemos que tener la madurez pol\u00edtica que exige el momento que la sociedad atraviesa. Nuestra tarea, nuestra energ\u00eda y nuestro coraz\u00f3n tienen que estar puesto en levantarnos como pa\u00eds. Para nosotros el problema de la inseguridad, no es un problema menor. Tenemos que dar respuestas a la sociedad que nos pide caminar tranquila por la calle\u00bb.<\/p>\n<p>Por \u00faltimo, el representante del Frente de Todos por parte de la provincia de Buenos Aires en la C\u00e1mara Baja del Congreso de la Naci\u00f3n detall\u00f3 su pensamiento de por qu\u00e9 est\u00e1 funcionando bien El partido pol\u00edtico oficialista. El Gobierno logr\u00f3 hacerse fuerte como administraci\u00f3n ya que \u201cparte del \u00e9xito del Frente de Todos es la unidad en la diversidad\u00bb.<\/p>\n","protected":false},"excerpt":{"rendered":"<p>Sergio Massa realiz\u00f3 una serie de declaraciones sobre el accionar del Gobierno durante la pandemia &nbsp; &nbsp; Este lunes por la noche, Sergio Massa, presidente de la C\u00e1mara de Diputados, y fundamental miembro del oficialismo, particip\u00f3 del programa televisivo Verdad Consecuencia, del Canal TN (Todo Noticias). El programa conducido por Luciana Geuna y Mar\u00eda Eugenia Duffard transcurri\u00f3 durante las \u00faltimas horas del lunes. El representante del Frente de Todos se refiri\u00f3 a los problemas del delito que ocurren en la Argentina. Massa asegur\u00f3 que \u201cno es momento para discusiones personales,&#8230;<\/p>\n","protected":false},"author":3,"featured_media":65402,"comment_status":"closed","ping_status":"closed","sticky":false,"template":"","format":"standard","meta":[],"categories":[18],"tags":[],"_links":{"self":[{"href":"https:\/\/www.actualidadadiario.com\/index.php\/wp-json\/wp\/v2\/posts\/65401"}],"collection":[{"href":"https:\/\/www.actualidadadiario.com\/index.php\/wp-json\/wp\/v2\/posts"}],"about":[{"href":"https:\/\/www.actualidadadiario.com\/index.php\/wp-json\/wp\/v2\/types\/post"}],"author":[{"embeddable":true,"href":"https:\/\/www.actualidadadiario.com\/index.php\/wp-json\/wp\/v2\/users\/3"}],"replies":[{"embeddable":true,"href":"https:\/\/www.actualidadadiario.com\/index.php\/wp-json\/wp\/v2\/comments?post=65401"}],"version-history":[{"count":1,"href":"https:\/\/www.actualidadadiario.com\/index.php\/wp-json\/wp\/v2\/posts\/65401\/revisions"}],"predecessor-version":[{"id":65403,"href":"https:\/\/www.actualidadadiario.com\/index.php\/wp-json\/wp\/v2\/posts\/65401\/revisions\/65403"}],"wp:featuredmedia":[{"embeddable":true,"href":"https:\/\/www.actualidadadiario.com\/index.php\/wp-json\/wp\/v2\/media\/65402"}],"wp:attachment":[{"href":"https:\/\/www.actualidadadiario.com\/index.php\/wp-json\/wp\/v2\/media?parent=65401"}],"wp:term":[{"taxonomy":"category","embeddable":true,"href":"https:\/\/www.actualidadadiario.com\/index.php\/wp-json\/wp\/v2\/categories?post=65401"},{"taxonomy":"post_tag","embeddable":true,"href":"https:\/\/www.actualidadadiario.com\/index.php\/wp-json\/wp\/v2\/tags?post=65401"}],"curies":[{"name":"wp","href":"https:\/\/api.w.org\/{rel}","templated":true}]}}