{"id":65398,"date":"2020-08-11T16:36:25","date_gmt":"2020-08-11T19:36:25","guid":{"rendered":"https:\/\/www.actualidadadiario.com\/?p=65398"},"modified":"2020-08-11T16:36:25","modified_gmt":"2020-08-11T19:36:25","slug":"cafiero-confirmo-que-las-jubilaciones-aumentaran-en-septiembre-por-encima-de-la-inflacion","status":"publish","type":"post","link":"https:\/\/www.actualidadadiario.com\/index.php\/2020\/08\/11\/cafiero-confirmo-que-las-jubilaciones-aumentaran-en-septiembre-por-encima-de-la-inflacion\/","title":{"rendered":"Cafiero confirm\u00f3 que las jubilaciones aumentar\u00e1n en septiembre &#8220;por encima de la inflaci\u00f3n&#8221;"},"content":{"rendered":"<p style=\"text-align: center;\"><em><strong>El Jefe de Gabinete anunci\u00f3 que el Gobierno dar\u00e1 un aumento en septiembre pr\u00f3ximo a las jubilaciones a trav\u00e9s de un decreto. &#8220;Los incrementos fueron siempre por encima de la inflaci\u00f3n&#8221;, sostuvo el funcionario<\/strong><\/em><\/p>\n<p>&nbsp;<\/p>\n<p>&nbsp;<\/p>\n<p>El jefe de Gabinete, Santiago Cafiero, confirm\u00f3 este lunes que el Gobierno dar\u00e1 un aumento en septiembre pr\u00f3ximo a las jubilaciones a trav\u00e9s de un decreto, y agreg\u00f3 que los incrementos a este sector &#8220;fueron siempre por encima de la inflaci\u00f3n&#8221;.<\/p>\n<p>&#8220;Cu\u00e1nto va a ser el aumento todav\u00eda se est\u00e1 definiendo. Va a ser por decreto porque todav\u00eda no hemos llegado a determinar una f\u00f3rmula con la comisi\u00f3n en la C\u00e1mara de Diputados&#8221;, se\u00f1al\u00f3 Cafiero en declaraciones a Radio La Red.<\/p>\n<p>As\u00ed se refiri\u00f3 a la discusi\u00f3n que se desarrolla en el Parlamento en el seno de la comisi\u00f3n mixta entre el Poder Ejecutivo y el Legislativo encargada de elaborar una nueva f\u00f3rmula de movilidad previsional.<\/p>\n<p>El funcionario sostuvo que &#8220;hasta ac\u00e1, los aumentos siempre fueron por encima de la inflaci\u00f3n&#8221; y detall\u00f3 que &#8220;la del primer semestre fue un poco menos de 14% y el aumento de la m\u00ednima fue de 19%&#8221;.<\/p>\n<p>Cafiero record\u00f3 que &#8220;los jubilados de la m\u00ednima llegan al 80% de los jubilados en la Argentina&#8221;.<\/p>\n<p>&#8220;Los jubilados pueden estar seguros que este Gobierno no es un gobierno que no los est\u00e9 mirando ni los est\u00e9 escuchando&#8221;, concluy\u00f3.<\/p>\n<p>El \u00faltimo aumento de las jubilaciones fue en junio, tambi\u00e9n a trav\u00e9s de un decreto, que increment\u00f3 el haber m\u00ednimo en un 6,12% y lo llev\u00f3 a $ 18.864 mensuales.<\/p>\n<p>La Comisi\u00f3n Bicameral Mixta de Movilidad Previsional fue creada por los art\u00edculos 55 y 56 de la Ley 27.541 de Solidaridad Social y Reactivaci\u00f3n Productiva y tiene como prop\u00f3sito elaborar una nueva f\u00f3rmula de movilidad jubilatoria, acorde a los tiempos actuales.<\/p>\n<p>Est\u00e1 presidida por el diputado Marcelo Casaretto (Frente de Todos) e integrada por legisladores de ambas c\u00e1maras y funcionarios de los ministerios de Trabajo y de Econom\u00eda y la Administraci\u00f3n Nacional de la Seguridad Social (Anses).<\/p>\n","protected":false},"excerpt":{"rendered":"<p>El Jefe de Gabinete anunci\u00f3 que el Gobierno dar\u00e1 un aumento en septiembre pr\u00f3ximo a las jubilaciones a trav\u00e9s de un decreto. &#8220;Los incrementos fueron siempre por encima de la inflaci\u00f3n&#8221;, sostuvo el funcionario &nbsp; &nbsp; El jefe de Gabinete, Santiago Cafiero, confirm\u00f3 este lunes que el Gobierno dar\u00e1 un aumento en septiembre pr\u00f3ximo a las jubilaciones a trav\u00e9s de un decreto, y agreg\u00f3 que los incrementos a este sector &#8220;fueron siempre por encima de la inflaci\u00f3n&#8221;. &#8220;Cu\u00e1nto va a ser el aumento todav\u00eda se est\u00e1 definiendo. Va a ser&#8230;<\/p>\n","protected":false},"author":3,"featured_media":65399,"comment_status":"closed","ping_status":"closed","sticky":false,"template":"","format":"standard","meta":[],"categories":[18],"tags":[],"_links":{"self":[{"href":"https:\/\/www.actualidadadiario.com\/index.php\/wp-json\/wp\/v2\/posts\/65398"}],"collection":[{"href":"https:\/\/www.actualidadadiario.com\/index.php\/wp-json\/wp\/v2\/posts"}],"about":[{"href":"https:\/\/www.actualidadadiario.com\/index.php\/wp-json\/wp\/v2\/types\/post"}],"author":[{"embeddable":true,"href":"https:\/\/www.actualidadadiario.com\/index.php\/wp-json\/wp\/v2\/users\/3"}],"replies":[{"embeddable":true,"href":"https:\/\/www.actualidadadiario.com\/index.php\/wp-json\/wp\/v2\/comments?post=65398"}],"version-history":[{"count":1,"href":"https:\/\/www.actualidadadiario.com\/index.php\/wp-json\/wp\/v2\/posts\/65398\/revisions"}],"predecessor-version":[{"id":65400,"href":"https:\/\/www.actualidadadiario.com\/index.php\/wp-json\/wp\/v2\/posts\/65398\/revisions\/65400"}],"wp:featuredmedia":[{"embeddable":true,"href":"https:\/\/www.actualidadadiario.com\/index.php\/wp-json\/wp\/v2\/media\/65399"}],"wp:attachment":[{"href":"https:\/\/www.actualidadadiario.com\/index.php\/wp-json\/wp\/v2\/media?parent=65398"}],"wp:term":[{"taxonomy":"category","embeddable":true,"href":"https:\/\/www.actualidadadiario.com\/index.php\/wp-json\/wp\/v2\/categories?post=65398"},{"taxonomy":"post_tag","embeddable":true,"href":"https:\/\/www.actualidadadiario.com\/index.php\/wp-json\/wp\/v2\/tags?post=65398"}],"curies":[{"name":"wp","href":"https:\/\/api.w.org\/{rel}","templated":true}]}}