{"id":65392,"date":"2020-08-11T16:34:48","date_gmt":"2020-08-11T19:34:48","guid":{"rendered":"https:\/\/www.actualidadadiario.com\/?p=65392"},"modified":"2020-08-11T16:34:48","modified_gmt":"2020-08-11T19:34:48","slug":"a-un-ano-de-las-paso-lo-importante-fue-la-unidad","status":"publish","type":"post","link":"https:\/\/www.actualidadadiario.com\/index.php\/2020\/08\/11\/a-un-ano-de-las-paso-lo-importante-fue-la-unidad\/","title":{"rendered":"A un a\u00f1o de las PASO: &#8220;Lo importante fue la unidad\u201d"},"content":{"rendered":"<p style=\"text-align: center;\"><em><strong>El Presidente se\u00f1al\u00f3 que la marcha peronista dice que \u201ctodos unidos triunfaremos\u201d y &#8220;no se equivoc\u00f3\u201d. &#8220;Nunca debemos olvidar que cuando nos dividieron nos pas\u00f3 lo que nos pas\u00f3, que le pas\u00f3 a la Argentina&#8221;, reflexion\u00f3 sobre los cuatro a\u00f1os de macrismo<\/strong><\/em><\/p>\n<p>&nbsp;<\/p>\n<p>&nbsp;<\/p>\n<p>A un a\u00f1o de su triunfo electoral en las primarias abiertas, simult\u00e1neas y obligatorias, el presidente Alberto Fern\u00e1ndez record\u00f3 c\u00f3mo vivi\u00f3 ese d\u00eda y trat\u00f3 diversos temas de la agenda pol\u00edtica actual: la pandemia, aborto, la deuda con el Fondo Monetario internacional, entre otros. \u201cSigo pensando que fuimos capaces de lograr ese resultado porque fuimos capaces de forjar una unidad. Todos entendimos nuestras fortalezas y debilidades\u201d, opin\u00f3 el mandatario en una entrevista radial en Futurock.<\/p>\n<p>\u201cYo lo recuerdo como un d\u00eda normal\u201d, asegur\u00f3 Fern\u00e1ndez sobre la ma\u00f1ana del 11 de agosto del a\u00f1o pasado cuando obtuvo m\u00e1s del 49 por ciento de los votos en las Primarias Abiertas, Simult\u00e1neas y Obligatorias (PASO). \u201cLas encuestas nos estaban diciendo que ten\u00edamos una ventaja tranquila, por lo tanto me levant\u00e9 m\u00e1s o menos tranquilo\u201d, record\u00f3. Ese d\u00eda, la f\u00f3rmula de la Alianza Juntos por el Cambio, conformada por el expresidente Mauricio Macri y Miguel \u00c1ngel Pichetto, sac\u00f3 un 32,9 por ciento.<\/p>\n<p>Fern\u00e1ndez rememor\u00f3 que en febrero de 2019, antes de ser candidato, hab\u00eda dicho que \u201chay que entender de una vez por todas que con Cristina no alcanza y sin Cristina no se puede\u201d. \u201cY Cristina tuvo la amplitud y la generosidad de acompa\u00f1ar -afirm\u00f3-. Ella crey\u00f3 que yo era el mejor candidato\u201d. En mayo del a\u00f1o pasado, la exmandataria public\u00f3 un video en el que anunci\u00f3 la f\u00f3rmula presidencial del Frente de Todos.<\/p>\n<p>\u201cNosotros logramos un gran resultado en la elecci\u00f3n, tambi\u00e9n en la general, producto de la unidad y creo que nunca debemos olvidar que cuando nos dividieron nos pas\u00f3 lo que nos pas\u00f3, que le pas\u00f3 a la Argentina -reflexion\u00f3 Fern\u00e1ndez-. Esa Argentina concentrada, de unos pocos, la Argentina del descarte que deja millones de argentinos fuera del sistema y eso no podemos permitirlo\u201d. El presidente se\u00f1al\u00f3 que la marcha peronista dice que \u201ctodos unidos triunfaremos\u201d. \u201cY no se equivoc\u00f3\u201d, afirm\u00f3.<\/p>\n<p>&nbsp;<\/p>\n","protected":false},"excerpt":{"rendered":"<p>El Presidente se\u00f1al\u00f3 que la marcha peronista dice que \u201ctodos unidos triunfaremos\u201d y &#8220;no se equivoc\u00f3\u201d. &#8220;Nunca debemos olvidar que cuando nos dividieron nos pas\u00f3 lo que nos pas\u00f3, que le pas\u00f3 a la Argentina&#8221;, reflexion\u00f3 sobre los cuatro a\u00f1os de macrismo &nbsp; &nbsp; A un a\u00f1o de su triunfo electoral en las primarias abiertas, simult\u00e1neas y obligatorias, el presidente Alberto Fern\u00e1ndez record\u00f3 c\u00f3mo vivi\u00f3 ese d\u00eda y trat\u00f3 diversos temas de la agenda pol\u00edtica actual: la pandemia, aborto, la deuda con el Fondo Monetario internacional, entre otros. \u201cSigo pensando&#8230;<\/p>\n","protected":false},"author":3,"featured_media":65393,"comment_status":"closed","ping_status":"closed","sticky":false,"template":"","format":"standard","meta":[],"categories":[9],"tags":[],"_links":{"self":[{"href":"https:\/\/www.actualidadadiario.com\/index.php\/wp-json\/wp\/v2\/posts\/65392"}],"collection":[{"href":"https:\/\/www.actualidadadiario.com\/index.php\/wp-json\/wp\/v2\/posts"}],"about":[{"href":"https:\/\/www.actualidadadiario.com\/index.php\/wp-json\/wp\/v2\/types\/post"}],"author":[{"embeddable":true,"href":"https:\/\/www.actualidadadiario.com\/index.php\/wp-json\/wp\/v2\/users\/3"}],"replies":[{"embeddable":true,"href":"https:\/\/www.actualidadadiario.com\/index.php\/wp-json\/wp\/v2\/comments?post=65392"}],"version-history":[{"count":1,"href":"https:\/\/www.actualidadadiario.com\/index.php\/wp-json\/wp\/v2\/posts\/65392\/revisions"}],"predecessor-version":[{"id":65394,"href":"https:\/\/www.actualidadadiario.com\/index.php\/wp-json\/wp\/v2\/posts\/65392\/revisions\/65394"}],"wp:featuredmedia":[{"embeddable":true,"href":"https:\/\/www.actualidadadiario.com\/index.php\/wp-json\/wp\/v2\/media\/65393"}],"wp:attachment":[{"href":"https:\/\/www.actualidadadiario.com\/index.php\/wp-json\/wp\/v2\/media?parent=65392"}],"wp:term":[{"taxonomy":"category","embeddable":true,"href":"https:\/\/www.actualidadadiario.com\/index.php\/wp-json\/wp\/v2\/categories?post=65392"},{"taxonomy":"post_tag","embeddable":true,"href":"https:\/\/www.actualidadadiario.com\/index.php\/wp-json\/wp\/v2\/tags?post=65392"}],"curies":[{"name":"wp","href":"https:\/\/api.w.org\/{rel}","templated":true}]}}