{"id":65369,"date":"2020-08-11T16:15:12","date_gmt":"2020-08-11T19:15:12","guid":{"rendered":"https:\/\/www.actualidadadiario.com\/?p=65369"},"modified":"2020-08-11T16:15:12","modified_gmt":"2020-08-11T19:15:12","slug":"como-fue-el-regreso-a-clases-en-san-juan-la-primera-provincia-en-retomar-la-escolaridad-presencial","status":"publish","type":"post","link":"https:\/\/www.actualidadadiario.com\/index.php\/2020\/08\/11\/como-fue-el-regreso-a-clases-en-san-juan-la-primera-provincia-en-retomar-la-escolaridad-presencial\/","title":{"rendered":"C\u00f3mo fue el regreso a clases en San Juan, la primera provincia en retomar la escolaridad presencial"},"content":{"rendered":"<p style=\"text-align: center;\"><em><strong>Trotta y U\u00f1ac festejaron la medida, que se tom\u00f3 bajo un estricto protocolo de divisi\u00f3n de cursos, distanciamiento y entrega de kits sanitarios a los alumnos<\/strong><\/em><\/p>\n<p>&nbsp;<\/p>\n<p>&nbsp;<\/p>\n<p>&nbsp;<\/p>\n<p>Con estrictos protocolos, cerca de 10.500 alumnos de 14 de los 19 departamentos de San Juan regresaron hoy a clases, convirti\u00e9ndose la primera provincia que experimenta la reanudaci\u00f3n del ciclo lectivo en el pa\u00eds luego de cinco meses, en medio de la cuarentena por el coronavirus.<\/p>\n<p>El ministro de Educaci\u00f3n de la Naci\u00f3n, Nicol\u00e1s Trotta, subray\u00f3 que esta vuelta a clases bajo estrictos protocolos sanitarios en medio de la pandemia de coronavirus, es un hito &#8220;fundamental para que otras provincias puedan empezar a avanzar en un regreso seguro&#8221; a las aulas.<\/p>\n<p>La reanudaci\u00f3n fue celebrada con un acto difundido por v\u00eda de teleconferencia, desde la Escuela 12 de Agosto, recientemente inaugurada, en el departamento de Pocito, 12 kil\u00f3metros al sur de la capital sanjuanina.<\/p>\n<p>El gobernador sanjuanino, Sergio U\u00f1ac, expres\u00f3 durante el acto que &#8220;es obligaci\u00f3n del Estado generar igualdad de oportunidades y a eso estamos apuntando hoy con esa vuelta a clases en los departamentos alejados de modo voluntario&#8221;, y aclar\u00f3 que &#8220;en el caso en los que los pap\u00e1s tengan dudas, les vamos a seguir entregando las tareas a distancia, para que los chicos puedan seguir abrazando la educaci\u00f3n&#8221;.<\/p>\n<p>Luego, U\u00f1ac afirm\u00f3 en sus redes que la vuelta a clases &#8220;habla del valor trascendental que tienen nuestras docentes, tanto las argentinas como sanjuaninas, porque han logrado que la educaci\u00f3n sea una realidad a\u00fan en contexto de pandemia&#8221;.<\/p>\n<p>Las clases presenciales se reanudaron para 10.470 alumnos del nivel Primario, Secundario Orientado, Secundario T\u00e9cnico Profesional, Secundario de Adultos, Terminalidad Primaria, Capacitaci\u00f3n Laboral, Formaci\u00f3n Profesional y Educaci\u00f3n Superior.<\/p>\n<p>Las escuelas habilitadas son las que corresponden a 14 de los 19 departamentos de la provincia cuyana, pero no a los cinco centrales, que son los m\u00e1s grandes en cantidad de alumnos, como Capital, Rawson, Rivadavia, Santa Luc\u00eda y Chimbas.<\/p>\n<p>El regreso a clases se produce en una provincia que desde hace m\u00e1s de un mes est\u00e1 en Fase 5 de la cuarentena y con el 97% de sus actividades restablecidas, remarc\u00f3 U\u00f1ac. &#8220;Nos parec\u00eda que ahora era oportuno dar este primer paso coordinado con el Gobierno Nacional&#8221;, explic\u00f3 el gobernador.<\/p>\n<p>&nbsp;<\/p>\n<p><strong>El protocolo para el regreso a clases en San Juan<\/strong><\/p>\n<p>Seg\u00fan explic\u00f3 el ministro de Educaci\u00f3n de San Juan, Felipe de los R\u00edos, los alumnos que regresan a clase son los de los \u00faltimos a\u00f1os tanto del nivel primario (el sexto grado en el caso de esta provincia), del nivel secundario simple y de adultos, y los de capacitaci\u00f3n profesional.<\/p>\n<p>En declaraciones a la radio Rock and Pop, De los R\u00edos se\u00f1al\u00f3 los cursos &#8220;fueron divididos en partes iguales y mientras una de ellas realizar\u00e1 el curso presencial, el otro continuar\u00e1 con la educaci\u00f3n en la distancia&#8221;.<\/p>\n<p>El funcionario explic\u00f3 en cada establecimiento &#8220;hay una persona del Ministerio de Seguridad que toma la fiebre a cada alumno, a los docente y cada persona que ingrese a los establecimiento&#8221; y que en caso de ser necesario aplique el protocolo de coronavirus.<\/p>\n<p>Tambi\u00e9n se\u00f1al\u00f3 que el ingreso &#8220;se le va a entregar un kit a cada uno de los alumnos, con jab\u00f3n, alcohol en gel una toalla individual y un barbijo por si no lo trajo de casa&#8221;-.<\/p>\n<p>En las aulas, los bancos fueron ubicados con una distancia de 2 metros entre s\u00ed y ya no habr\u00e1 toque de timbre \u00fanico para los recreos, sino que cada curso tomar\u00e1 sus minutos de receso por turnos para evitar las aglomeraciones en patios y ba\u00f1os.<\/p>\n<p>Adem\u00e1s, los alumnos reciben una merienda seca, porque ya no funcionar\u00e1n los quioscos.<\/p>\n<p>De los R\u00edos indic\u00f3 que se ir\u00e1 por un progreso escalonado de continuar la provincia en Fase 5 y sin circulaci\u00f3n comunitaria, ya que en dos semanas se incorporar\u00edan los alumnos de los primeros a\u00f1os y de alguno de los cinco departamentos que resta incorporar.<\/p>\n","protected":false},"excerpt":{"rendered":"<p>Trotta y U\u00f1ac festejaron la medida, que se tom\u00f3 bajo un estricto protocolo de divisi\u00f3n de cursos, distanciamiento y entrega de kits sanitarios a los alumnos &nbsp; &nbsp; &nbsp; Con estrictos protocolos, cerca de 10.500 alumnos de 14 de los 19 departamentos de San Juan regresaron hoy a clases, convirti\u00e9ndose la primera provincia que experimenta la reanudaci\u00f3n del ciclo lectivo en el pa\u00eds luego de cinco meses, en medio de la cuarentena por el coronavirus. El ministro de Educaci\u00f3n de la Naci\u00f3n, Nicol\u00e1s Trotta, subray\u00f3 que esta vuelta a clases&#8230;<\/p>\n","protected":false},"author":3,"featured_media":65370,"comment_status":"closed","ping_status":"closed","sticky":false,"template":"","format":"standard","meta":[],"categories":[9],"tags":[],"_links":{"self":[{"href":"https:\/\/www.actualidadadiario.com\/index.php\/wp-json\/wp\/v2\/posts\/65369"}],"collection":[{"href":"https:\/\/www.actualidadadiario.com\/index.php\/wp-json\/wp\/v2\/posts"}],"about":[{"href":"https:\/\/www.actualidadadiario.com\/index.php\/wp-json\/wp\/v2\/types\/post"}],"author":[{"embeddable":true,"href":"https:\/\/www.actualidadadiario.com\/index.php\/wp-json\/wp\/v2\/users\/3"}],"replies":[{"embeddable":true,"href":"https:\/\/www.actualidadadiario.com\/index.php\/wp-json\/wp\/v2\/comments?post=65369"}],"version-history":[{"count":1,"href":"https:\/\/www.actualidadadiario.com\/index.php\/wp-json\/wp\/v2\/posts\/65369\/revisions"}],"predecessor-version":[{"id":65371,"href":"https:\/\/www.actualidadadiario.com\/index.php\/wp-json\/wp\/v2\/posts\/65369\/revisions\/65371"}],"wp:featuredmedia":[{"embeddable":true,"href":"https:\/\/www.actualidadadiario.com\/index.php\/wp-json\/wp\/v2\/media\/65370"}],"wp:attachment":[{"href":"https:\/\/www.actualidadadiario.com\/index.php\/wp-json\/wp\/v2\/media?parent=65369"}],"wp:term":[{"taxonomy":"category","embeddable":true,"href":"https:\/\/www.actualidadadiario.com\/index.php\/wp-json\/wp\/v2\/categories?post=65369"},{"taxonomy":"post_tag","embeddable":true,"href":"https:\/\/www.actualidadadiario.com\/index.php\/wp-json\/wp\/v2\/tags?post=65369"}],"curies":[{"name":"wp","href":"https:\/\/api.w.org\/{rel}","templated":true}]}}