{"id":65367,"date":"2020-08-11T16:14:11","date_gmt":"2020-08-11T19:14:11","guid":{"rendered":"https:\/\/www.actualidadadiario.com\/?p=65367"},"modified":"2020-08-11T16:14:11","modified_gmt":"2020-08-11T19:14:11","slug":"el-senado-entrerriano-comienza-a-debatir-la-creacion-de-un-sistema-de-bancos-de-plasma-para-tratamiento-de-covid","status":"publish","type":"post","link":"https:\/\/www.actualidadadiario.com\/index.php\/2020\/08\/11\/el-senado-entrerriano-comienza-a-debatir-la-creacion-de-un-sistema-de-bancos-de-plasma-para-tratamiento-de-covid\/","title":{"rendered":"El Senado entrerriano comienza a debatir la creaci\u00f3n de un sistema de Bancos de Plasma para tratamiento de Covid"},"content":{"rendered":"<p style=\"text-align: center;\"><em><strong>Este martes a las 11:15 la Comisi\u00f3n de Salud de la C\u00e1mara de Senadores de la Provincia comenzar\u00e1 a analizar el proyecto de ley por el que se crea en el \u00e1mbito de Entre R\u00edos el Sistema de Bancos de Plasma de pacientes recuperados de Covid 19 para utilizarlo como tratamiento en pacientes activos<\/strong><\/em><\/p>\n<p>&nbsp;<\/p>\n<p>&nbsp;<\/p>\n<p>&nbsp;<\/p>\n<p>A las 11:15 de este martes se reunir\u00e1, de manera virtual, la Comisi\u00f3n de Salud, Medio Ambiente Humano y Drogadicci\u00f3n con el fin de abordar el proyecto de ley por el que se crea en el \u00e1mbito de la provincia el Sistema de Bancos de Plasma de pacientes recuperados de Covid 19 para utilizarlo como tratamiento en pacientes activos.<\/p>\n<p>La iniciativa es impulsada por la senadora Flavia Maidana (Frente Justicialista Creer-Nogoy\u00e1) y determina que estos centros de plasma funcionar\u00e1n dentro del sistema de Bancos de Sangre que establezca el Ministerio de Salud de la Provincia, que ser\u00e1 autoridad de aplicaci\u00f3n de la ley.<\/p>\n<p>\u201cEl Ministerio de Salud de la Provincia de Entre R\u00edos tendr\u00e1 a su cargo un registro de pacientes recuperados de Covid-19 a fin de invitarlos a realizar la donaci\u00f3n voluntaria de plasma, definiendo asimismo cu\u00e1les son las personas que se encuentran en condiciones de efectuar su donaci\u00f3n y el protocolo a utilizarse\u201d, se se\u00f1ala en uno de los art\u00edculos.<\/p>\n<p>El proyecto de Maidana se basa en la resoluci\u00f3n N\u00ba 783\/2020 del Ministerio de Salud de la Naci\u00f3n mediante el cual se cre\u00f3 el Plan Estrat\u00e9gico para regular el uso de plasma de pacientes de COVID \u2013 19 con fines terap\u00e9uticos y en cuyo art\u00edculo 2\u00b0 requiere a las autoridades sanitarias jurisdiccionales la definici\u00f3n de los Centros Regionales de Hemoterapia y\/o Bancos de Sangre intrahospitalarios que ser\u00e1n los responsables de realizar la captaci\u00f3n y recolecci\u00f3n de plasma de los pacientes recuperados de COVID-19.<\/p>\n","protected":false},"excerpt":{"rendered":"<p>Este martes a las 11:15 la Comisi\u00f3n de Salud de la C\u00e1mara de Senadores de la Provincia comenzar\u00e1 a analizar el proyecto de ley por el que se crea en el \u00e1mbito de Entre R\u00edos el Sistema de Bancos de Plasma de pacientes recuperados de Covid 19 para utilizarlo como tratamiento en pacientes activos &nbsp; &nbsp; &nbsp; A las 11:15 de este martes se reunir\u00e1, de manera virtual, la Comisi\u00f3n de Salud, Medio Ambiente Humano y Drogadicci\u00f3n con el fin de abordar el proyecto de ley por el que se&#8230;<\/p>\n","protected":false},"author":3,"featured_media":64314,"comment_status":"closed","ping_status":"closed","sticky":false,"template":"","format":"standard","meta":[],"categories":[15],"tags":[],"_links":{"self":[{"href":"https:\/\/www.actualidadadiario.com\/index.php\/wp-json\/wp\/v2\/posts\/65367"}],"collection":[{"href":"https:\/\/www.actualidadadiario.com\/index.php\/wp-json\/wp\/v2\/posts"}],"about":[{"href":"https:\/\/www.actualidadadiario.com\/index.php\/wp-json\/wp\/v2\/types\/post"}],"author":[{"embeddable":true,"href":"https:\/\/www.actualidadadiario.com\/index.php\/wp-json\/wp\/v2\/users\/3"}],"replies":[{"embeddable":true,"href":"https:\/\/www.actualidadadiario.com\/index.php\/wp-json\/wp\/v2\/comments?post=65367"}],"version-history":[{"count":1,"href":"https:\/\/www.actualidadadiario.com\/index.php\/wp-json\/wp\/v2\/posts\/65367\/revisions"}],"predecessor-version":[{"id":65368,"href":"https:\/\/www.actualidadadiario.com\/index.php\/wp-json\/wp\/v2\/posts\/65367\/revisions\/65368"}],"wp:featuredmedia":[{"embeddable":true,"href":"https:\/\/www.actualidadadiario.com\/index.php\/wp-json\/wp\/v2\/media\/64314"}],"wp:attachment":[{"href":"https:\/\/www.actualidadadiario.com\/index.php\/wp-json\/wp\/v2\/media?parent=65367"}],"wp:term":[{"taxonomy":"category","embeddable":true,"href":"https:\/\/www.actualidadadiario.com\/index.php\/wp-json\/wp\/v2\/categories?post=65367"},{"taxonomy":"post_tag","embeddable":true,"href":"https:\/\/www.actualidadadiario.com\/index.php\/wp-json\/wp\/v2\/tags?post=65367"}],"curies":[{"name":"wp","href":"https:\/\/api.w.org\/{rel}","templated":true}]}}