{"id":65359,"date":"2020-08-11T16:11:51","date_gmt":"2020-08-11T19:11:51","guid":{"rendered":"https:\/\/www.actualidadadiario.com\/?p=65359"},"modified":"2020-08-11T16:11:51","modified_gmt":"2020-08-11T19:11:51","slug":"en-entre-rios-no-estamos-lejos-de-volver-a-las-aulas-dijo-ex-titular-del-cge","status":"publish","type":"post","link":"https:\/\/www.actualidadadiario.com\/index.php\/2020\/08\/11\/en-entre-rios-no-estamos-lejos-de-volver-a-las-aulas-dijo-ex-titular-del-cge\/","title":{"rendered":"En Entre R\u00edos \u00abno estamos lejos\u00bb de volver a las aulas, dijo ex titular del CGE"},"content":{"rendered":"<p style=\"text-align: center;\"><em><strong>Est\u00e1 definido \u00abel distanciamiento y el regreso en forma escalonada, con prioridad para los sextos grados y s\u00e9ptimos a\u00f1os. Necesitamos garantizar el transporte para docentes y alumnos\u00bb, dijo Marta Land\u00f3<\/strong><\/em><\/p>\n<p>&nbsp;<\/p>\n<p>La directora Departamental de Educaci\u00f3n de Gualeguaych\u00fa y ex presidenta del Consejo General de Educaci\u00f3n, Marta Land\u00f3, estim\u00f3 que el regreso a las escuelas est\u00e1 \u00absupeditado al Ministerio de Salud\u00bb.<\/p>\n<p>El retorno a las clases se dio de manera escalonada desde este lunes en la provincia de San Juan, sin embargo, en Entre R\u00edos \u00abpara la vuelta a clases estamos supeditados al Ministerio de Salud\u00bb, indic\u00f3 la funcionaria.<\/p>\n<p>Record\u00f3 que, en su opini\u00f3n, \u00abno estamos lejos de la vuelta a clases pero dependemos de la circulaci\u00f3n del virus. Yo tengo la esperanza de volver a la normalidad antes de fin de a\u00f1o\u00bb, arriesg\u00f3 Land\u00f3.<\/p>\n<p>La funcionaria record\u00f3 que \u00abhay un protocolo planteado desde las autoridades del Concejo General de Educaci\u00f3n (CGE) para la posible vuelta a clases que fue consensuado con todos los ministros de Educaci\u00f3n del pa\u00eds. All\u00ed se estableci\u00f3 el distanciamiento y el regreso en forma escalonada, con prioridad para los sextos grados y s\u00e9ptimos a\u00f1os\u00bb.<\/p>\n<p>En ese sentido, Land\u00f3 asegur\u00f3 a CNN FM 100.3 que \u00ablas escuelas est\u00e1n preparadas. Hemos hecho un seguimiento, pero primero necesitamos garantizar el transporte para que se puedan movilizar tanto los docentes como los alumnos. Las escuelas rurales est\u00e1n m\u00e1s preparadas porque son menos los chicos y, all\u00ed, hay menos presencia del virus\u00bb.<\/p>\n<p>Consultada sobre la finalizaci\u00f3n del ciclo lectivo, la directora de Escuelas de Gualeguaych\u00fa precis\u00f3 que \u00abel ministro de Educaci\u00f3n de Naci\u00f3n, Nicol\u00e1s Trotta, dice que hay que profundizar los aprendizajes prioritarios que los alumnos deben tener en cada modalidad y nivel. Por otro lado se va a privilegiar a los que culminen un nivel, pero en Entre R\u00edos esperamos una definici\u00f3n a nacional\u00bb.<\/p>\n","protected":false},"excerpt":{"rendered":"<p>Est\u00e1 definido \u00abel distanciamiento y el regreso en forma escalonada, con prioridad para los sextos grados y s\u00e9ptimos a\u00f1os. Necesitamos garantizar el transporte para docentes y alumnos\u00bb, dijo Marta Land\u00f3 &nbsp; La directora Departamental de Educaci\u00f3n de Gualeguaych\u00fa y ex presidenta del Consejo General de Educaci\u00f3n, Marta Land\u00f3, estim\u00f3 que el regreso a las escuelas est\u00e1 \u00absupeditado al Ministerio de Salud\u00bb. El retorno a las clases se dio de manera escalonada desde este lunes en la provincia de San Juan, sin embargo, en Entre R\u00edos \u00abpara la vuelta a clases&#8230;<\/p>\n","protected":false},"author":3,"featured_media":42287,"comment_status":"closed","ping_status":"closed","sticky":false,"template":"","format":"standard","meta":[],"categories":[15],"tags":[],"_links":{"self":[{"href":"https:\/\/www.actualidadadiario.com\/index.php\/wp-json\/wp\/v2\/posts\/65359"}],"collection":[{"href":"https:\/\/www.actualidadadiario.com\/index.php\/wp-json\/wp\/v2\/posts"}],"about":[{"href":"https:\/\/www.actualidadadiario.com\/index.php\/wp-json\/wp\/v2\/types\/post"}],"author":[{"embeddable":true,"href":"https:\/\/www.actualidadadiario.com\/index.php\/wp-json\/wp\/v2\/users\/3"}],"replies":[{"embeddable":true,"href":"https:\/\/www.actualidadadiario.com\/index.php\/wp-json\/wp\/v2\/comments?post=65359"}],"version-history":[{"count":1,"href":"https:\/\/www.actualidadadiario.com\/index.php\/wp-json\/wp\/v2\/posts\/65359\/revisions"}],"predecessor-version":[{"id":65360,"href":"https:\/\/www.actualidadadiario.com\/index.php\/wp-json\/wp\/v2\/posts\/65359\/revisions\/65360"}],"wp:featuredmedia":[{"embeddable":true,"href":"https:\/\/www.actualidadadiario.com\/index.php\/wp-json\/wp\/v2\/media\/42287"}],"wp:attachment":[{"href":"https:\/\/www.actualidadadiario.com\/index.php\/wp-json\/wp\/v2\/media?parent=65359"}],"wp:term":[{"taxonomy":"category","embeddable":true,"href":"https:\/\/www.actualidadadiario.com\/index.php\/wp-json\/wp\/v2\/categories?post=65359"},{"taxonomy":"post_tag","embeddable":true,"href":"https:\/\/www.actualidadadiario.com\/index.php\/wp-json\/wp\/v2\/tags?post=65359"}],"curies":[{"name":"wp","href":"https:\/\/api.w.org\/{rel}","templated":true}]}}