{"id":65348,"date":"2020-08-10T12:57:16","date_gmt":"2020-08-10T15:57:16","guid":{"rendered":"https:\/\/www.actualidadadiario.com\/?p=65348"},"modified":"2020-08-10T12:57:16","modified_gmt":"2020-08-10T15:57:16","slug":"el-presidente-anuncia-politicas-en-la-obra-publica-con-perspectiva-de-genero","status":"publish","type":"post","link":"https:\/\/www.actualidadadiario.com\/index.php\/2020\/08\/10\/el-presidente-anuncia-politicas-en-la-obra-publica-con-perspectiva-de-genero\/","title":{"rendered":"El Presidente anuncia pol\u00edticas en la obra p\u00fablica con perspectiva de g\u00e9nero"},"content":{"rendered":"<p style=\"text-align: center;\"><em><strong>En el acto, previsto para las 11:30, el mandatario estar\u00e1 acompa\u00f1ado en la residencia de Olivos por los ministros de Obras P\u00fablicas, Gabriel Katopodis; y de Mujeres, G\u00e9nero y Diversidad, Elizabeth G\u00f3mez Alcorta; y de la titular de Aysa, Malena Galmarini<\/strong><\/em><\/p>\n<p>&nbsp;<\/p>\n<p>&nbsp;<\/p>\n<p>El presidente Alberto Fern\u00e1ndez anunciar\u00e1 hoy pol\u00edticas para el desarrollo de la obra p\u00fablica con perspectiva de g\u00e9nero, en un acto que se realizar\u00e1 por videocoferencia con intendentas de todo el pa\u00eds, informaron a T\u00e9lam fuentes oficiales.<\/p>\n<p>En el acto, previsto para las 11:30, el mandatario estar\u00e1 acompa\u00f1ado en la residencia de Olivos por los ministros de Obras P\u00fablicas, Gabriel Katopodis; y de Mujeres, G\u00e9nero y Diversidad, Elizabeth G\u00f3mez Alcorta; y de la titular de Aysa, Malena Galmarini.<\/p>\n","protected":false},"excerpt":{"rendered":"<p>En el acto, previsto para las 11:30, el mandatario estar\u00e1 acompa\u00f1ado en la residencia de Olivos por los ministros de Obras P\u00fablicas, Gabriel Katopodis; y de Mujeres, G\u00e9nero y Diversidad, Elizabeth G\u00f3mez Alcorta; y de la titular de Aysa, Malena Galmarini &nbsp; &nbsp; El presidente Alberto Fern\u00e1ndez anunciar\u00e1 hoy pol\u00edticas para el desarrollo de la obra p\u00fablica con perspectiva de g\u00e9nero, en un acto que se realizar\u00e1 por videocoferencia con intendentas de todo el pa\u00eds, informaron a T\u00e9lam fuentes oficiales. En el acto, previsto para las 11:30, el mandatario estar\u00e1&#8230;<\/p>\n","protected":false},"author":3,"featured_media":65108,"comment_status":"closed","ping_status":"closed","sticky":false,"template":"","format":"standard","meta":[],"categories":[9],"tags":[],"_links":{"self":[{"href":"https:\/\/www.actualidadadiario.com\/index.php\/wp-json\/wp\/v2\/posts\/65348"}],"collection":[{"href":"https:\/\/www.actualidadadiario.com\/index.php\/wp-json\/wp\/v2\/posts"}],"about":[{"href":"https:\/\/www.actualidadadiario.com\/index.php\/wp-json\/wp\/v2\/types\/post"}],"author":[{"embeddable":true,"href":"https:\/\/www.actualidadadiario.com\/index.php\/wp-json\/wp\/v2\/users\/3"}],"replies":[{"embeddable":true,"href":"https:\/\/www.actualidadadiario.com\/index.php\/wp-json\/wp\/v2\/comments?post=65348"}],"version-history":[{"count":1,"href":"https:\/\/www.actualidadadiario.com\/index.php\/wp-json\/wp\/v2\/posts\/65348\/revisions"}],"predecessor-version":[{"id":65349,"href":"https:\/\/www.actualidadadiario.com\/index.php\/wp-json\/wp\/v2\/posts\/65348\/revisions\/65349"}],"wp:featuredmedia":[{"embeddable":true,"href":"https:\/\/www.actualidadadiario.com\/index.php\/wp-json\/wp\/v2\/media\/65108"}],"wp:attachment":[{"href":"https:\/\/www.actualidadadiario.com\/index.php\/wp-json\/wp\/v2\/media?parent=65348"}],"wp:term":[{"taxonomy":"category","embeddable":true,"href":"https:\/\/www.actualidadadiario.com\/index.php\/wp-json\/wp\/v2\/categories?post=65348"},{"taxonomy":"post_tag","embeddable":true,"href":"https:\/\/www.actualidadadiario.com\/index.php\/wp-json\/wp\/v2\/tags?post=65348"}],"curies":[{"name":"wp","href":"https:\/\/api.w.org\/{rel}","templated":true}]}}