{"id":65342,"date":"2020-08-10T12:54:54","date_gmt":"2020-08-10T15:54:54","guid":{"rendered":"https:\/\/www.actualidadadiario.com\/?p=65342"},"modified":"2020-08-10T12:54:54","modified_gmt":"2020-08-10T15:54:54","slug":"bolivia-la-violencia-podria-desbordarse","status":"publish","type":"post","link":"https:\/\/www.actualidadadiario.com\/index.php\/2020\/08\/10\/bolivia-la-violencia-podria-desbordarse\/","title":{"rendered":"Bolivia: la violencia podr\u00eda desbordarse"},"content":{"rendered":"<p style=\"text-align: center;\"><em><strong>Mientras las protestas y piquetes contin\u00faan, fuerzas de choque paramilitares de ultraderecha amenazan con atacar a los manifestantes<\/strong><\/em><\/p>\n<p>&nbsp;<\/p>\n<p>&nbsp;<\/p>\n<p>Los diversos di\u00e1logos en Bolivia entre actores sociales, pol\u00edticos y autoridades han fracasado y contin\u00faan los bloqueos de carreteras. Para este lunes se anuncian marchas hacia la sede de gobierno y hay advertencia de la derecha de movilizar a sus seguidores para enfrentar a los bloqueadores y piqueteros.<\/p>\n<p>Mientras tanto en el llamado Palacio Quemado (fue incendiado dos veces el siglo XIX) la presidenta Jeanine \u00c1\u00f1ez convoc\u00f3 para ayer domingo a los partidos pol\u00edticos, a la Iglesia Cat\u00f3lica, a los organismos internacionales, a los movimientos sociales y al TSE. La respuesta fue muy peque\u00f1a, ninguno de los grandes partidos que tercian en las elecciones mand\u00f3 a sus candidatos, mucho menos los movimientos sociales. S\u00f3lo asistieron PanBol y ADN dos peque\u00f1as organizaciones que en las encuestas no superan el 1 % de intenci\u00f3n de voto.<\/p>\n<p>Pero incluso esos dos \u00fanicos partidos pol\u00edticos presentes en la cita pidieron la renuncia de \u00c1\u00f1ez. La solicitud coincide con muchos de los movilizados, sobre todo del campo. As\u00ed lo hicieron saber los Ponchos Rojos que son los campesinos de la zona lacustre del altiplano, una de las m\u00e1s bonancibles por la presencia de agua y un clima m\u00e1s templado que, por ejemplo altiplano sur.<\/p>\n<p>Los Ponchos Rojos (el color no tiene que ver con ideolog\u00eda sino con adscripci\u00f3n a su zona de origen) acaban de elegir a un ex dirigente guerrillero y dirigente de los bloqueos de 2000 y 2003, Felipe Quispe Huanca como su comandante en la lucha.<\/p>\n<p>Quispe es un aymara radical que critic\u00f3 muchas veces al Movimiento al Socialismo acus\u00e1ndolo de reformista.<\/p>\n<p>Pero el pedido de renuncia tambi\u00e9n se ha afincado en sectores de la ciudad de El Alto, la urbe aymara por excelencia donde los movilizados derrotaron a Gonzalo S\u00e1nchez de Lozada y a la que todo el fin de semana han llegado campesinos de las provincias pace\u00f1as.<\/p>\n<p>Para este lunes se anuncia la marcha de alte\u00f1os y de trabajadores del agro rumbo a la ciudad sede de gobierno.<\/p>\n<p>Pero las consignas ya no giran en torno a elecciones sino cambio inmediato de gobierno y soluci\u00f3n del tema educacional. Recordemos que el a\u00f1o escolar ha sido suspendido por el gobierno de A\u00f1ez.<\/p>\n<p>&nbsp;<\/p>\n<p><strong>\u00bfY en el Movimiento al Socialismo?<\/strong><\/p>\n<p>Tampoco todo es color de rosa en el Movimiento al Socialismo (MAS) pues no controla a voluntad a los movimientos sociales.<\/p>\n<p>Evo Morales y la dirigencia quisieran que la movilizaci\u00f3n termine y que se vaya a elecciones.\u00a0 Los m\u00e1s radicales dentro del partido azul est\u00e1n pertrechados al lado de quienes protestan.<\/p>\n<p>Las condiciones propuestas por la c\u00fapula masista para que las elecciones sean el 18 de octubre fueron aceptadas por el Tribunal Supremo Electoral (TSE): Que la nueva fecha electoral est\u00e9 refrendada con ley de la naci\u00f3n a trav\u00e9s del Parlamento y luego sea promulgada por la presidenta Jeanine A\u00f1ez<\/p>\n<p>Esto estaba acompa\u00f1ado con los pedidos que el TSE se comprometa a no hacer nuevas modificaciones en cuanto a la fecha y que el acuerdo tenga garantes internacionales como Naciones Unidas, la Uni\u00f3n Europea, etc.<\/p>\n<p>Adem\u00e1s, el tribunal electoral le dio la raz\u00f3n al partido de Evo Morales al se\u00f1alar que no pod\u00eda inhabilitar a la sigla ni al candidato al existir sobradas dudas razonables sobre la constitucionalidad de un art\u00edculo que prohib\u00eda que los candidatos puedan comentar encuestas. As\u00ed el partido azul respir\u00f3 tranquilo pues el tema pasaba al Tribunal Supremo Constitucional, donde el promedio de tiempo para la emisi\u00f3n de sentencia va de 6 meses a un a\u00f1o.<\/p>\n<p>El problema est\u00e1 en que los dirigentes de los movimientos sociales est\u00e1n emperrados en que se cambie la fecha en por lo menos una semana. Es decir, que se realicen el 11 y no el 18.<\/p>\n<p>&nbsp;<\/p>\n<p><strong>Asoman los radicales<\/strong><\/p>\n<p>El l\u00edder de la movilizaci\u00f3n que oblig\u00f3 a renunciar a Evo Morales y candidato a la presidencia por la alianza Creemos, \u201cenvi\u00f3 una carta abierta a la presidenta Jeanine \u00c1\u00f1ez en la que le manifiesta que si no cumple con su misi\u00f3n constitucional de dar seguridad a los bolivianos y ordena el levantamiento de los bloqueos y la liberaci\u00f3n de los secuestrados, se ver\u00e1 en la obligaci\u00f3n de convocar al pueblo para rechazar la \u00b4violencia masista\u00b4 y cuidar la democracia y la vida de los bolivianos\u201d, seg\u00fan declar\u00f3 Luis Fernando Camacho a ATB digital.<\/p>\n<p>De hecho fuerzas de choque paramilitares de ultraderecha ya viajaron de Santa Cruz y Cochabamba hacia la sede de gobierno y ah\u00ed chocaron anoche contra los huelguistas de hambre en la plaza Avaroa donde se encuentra la sede del TSE. Finalmente, la polic\u00eda tuvo que separarlos. El Tiquipaya (Cochabamba) los bloqueadores capturaron a 7 miembros de la Uni\u00f3n Juvenil Cruce\u00f1ista y la polic\u00eda detuvo a 50 bloqueadores en Samaipata en Santa Cruz. (Radio Kawsachun Coca).<\/p>\n<p>Como vemos se viven peque\u00f1as escaramuzas en varios frentes. Y este lunes podr\u00eda ser un d\u00eda clave para saber qu\u00e9 va a pasar en Bolivia.<\/p>\n","protected":false},"excerpt":{"rendered":"<p>Mientras las protestas y piquetes contin\u00faan, fuerzas de choque paramilitares de ultraderecha amenazan con atacar a los manifestantes &nbsp; &nbsp; Los diversos di\u00e1logos en Bolivia entre actores sociales, pol\u00edticos y autoridades han fracasado y contin\u00faan los bloqueos de carreteras. Para este lunes se anuncian marchas hacia la sede de gobierno y hay advertencia de la derecha de movilizar a sus seguidores para enfrentar a los bloqueadores y piqueteros. Mientras tanto en el llamado Palacio Quemado (fue incendiado dos veces el siglo XIX) la presidenta Jeanine \u00c1\u00f1ez convoc\u00f3 para ayer domingo&#8230;<\/p>\n","protected":false},"author":3,"featured_media":65343,"comment_status":"closed","ping_status":"closed","sticky":false,"template":"","format":"standard","meta":[],"categories":[4],"tags":[],"_links":{"self":[{"href":"https:\/\/www.actualidadadiario.com\/index.php\/wp-json\/wp\/v2\/posts\/65342"}],"collection":[{"href":"https:\/\/www.actualidadadiario.com\/index.php\/wp-json\/wp\/v2\/posts"}],"about":[{"href":"https:\/\/www.actualidadadiario.com\/index.php\/wp-json\/wp\/v2\/types\/post"}],"author":[{"embeddable":true,"href":"https:\/\/www.actualidadadiario.com\/index.php\/wp-json\/wp\/v2\/users\/3"}],"replies":[{"embeddable":true,"href":"https:\/\/www.actualidadadiario.com\/index.php\/wp-json\/wp\/v2\/comments?post=65342"}],"version-history":[{"count":1,"href":"https:\/\/www.actualidadadiario.com\/index.php\/wp-json\/wp\/v2\/posts\/65342\/revisions"}],"predecessor-version":[{"id":65344,"href":"https:\/\/www.actualidadadiario.com\/index.php\/wp-json\/wp\/v2\/posts\/65342\/revisions\/65344"}],"wp:featuredmedia":[{"embeddable":true,"href":"https:\/\/www.actualidadadiario.com\/index.php\/wp-json\/wp\/v2\/media\/65343"}],"wp:attachment":[{"href":"https:\/\/www.actualidadadiario.com\/index.php\/wp-json\/wp\/v2\/media?parent=65342"}],"wp:term":[{"taxonomy":"category","embeddable":true,"href":"https:\/\/www.actualidadadiario.com\/index.php\/wp-json\/wp\/v2\/categories?post=65342"},{"taxonomy":"post_tag","embeddable":true,"href":"https:\/\/www.actualidadadiario.com\/index.php\/wp-json\/wp\/v2\/tags?post=65342"}],"curies":[{"name":"wp","href":"https:\/\/api.w.org\/{rel}","templated":true}]}}