{"id":65333,"date":"2020-08-10T12:52:30","date_gmt":"2020-08-10T15:52:30","guid":{"rendered":"https:\/\/www.actualidadadiario.com\/?p=65333"},"modified":"2020-08-10T12:52:30","modified_gmt":"2020-08-10T15:52:30","slug":"mas-de-23-000-nuevos-contagios-y-572-muertos-mientras-bolsonaro-fustiga-a-la-prensa","status":"publish","type":"post","link":"https:\/\/www.actualidadadiario.com\/index.php\/2020\/08\/10\/mas-de-23-000-nuevos-contagios-y-572-muertos-mientras-bolsonaro-fustiga-a-la-prensa\/","title":{"rendered":"M\u00e1s de 23.000 nuevos contagios y 572 muertos mientras Bolsonaro fustiga a la prensa"},"content":{"rendered":"<p style=\"text-align: center;\"><em><strong>En la \u00faltima semana, el n\u00famero de fallecidos borde\u00f3 diariamente el millar de casos, mientras que el promedio de contagios super\u00f3 los 40.000. El presidente critic\u00f3 a los medios por la cobertura cuando se super\u00f3 el n\u00famero de cien mil brasile\u00f1os muertos<\/strong><\/em><\/p>\n<p>&nbsp;<\/p>\n<p>&nbsp;<\/p>\n<p>Brasil sum\u00f3 en las \u00faltimas 24 horas 572 muertos por la pandemia de coronavirus, con lo que ya totaliza 101.049 fallecidos, y el n\u00famero de casos confirmados sobrepasa los tres millones, inform\u00f3 este domingo el Gobierno, en tanto Bolsonaro critic\u00f3 esta ma\u00f1ana la forma en que los medios difundieron ayer la noticia de que el pa\u00eds hab\u00eda superado las 10.000 muertes por la enfermedad.<\/p>\n<p>De acuerdo al bolet\u00edn del Ministerio de Salud, en la \u00faltima jornada se reportaron 23.010 nuevos casos, con lo que el n\u00famero de infectados con la Covid-19 ascendi\u00f3 a los 3.035.422, report\u00f3 la agencia EFE.<\/p>\n<p>Brasil, con una poblaci\u00f3n de 210 millones de personas, es el segundo pa\u00eds del mundo con mayor n\u00famero de casos y muertes por la pandemia, solo por detr\u00e1s de Estados Unidos, que supera las 160.000 muertes y los 5 millones de infectados, con una poblaci\u00f3n de 330 millones de habitantes.<\/p>\n<p>Tanto las muertes como el n\u00famero de casos registrados en las \u00faltimas 24 horas est\u00e1n por debajo de los promedios de las m\u00e1s recientes jornadas en el pa\u00eds.<\/p>\n<p>De todos modos, el propio Ministerio de Salud ha explicado ya en varias ocasiones que los fines de semana se reduce el personal que se ocupa de recopilar los datos, que son actualizados con un mayor rigor a lo largo de la semana.<\/p>\n<p>El Ministerio tambi\u00e9n explic\u00f3 que 2,1 millones de personas se han recuperado de la enfermedad, mientras que 815.913 se encuentran bajo observaci\u00f3n, y otros 3.566 casos est\u00e1n a\u00fan en investigaci\u00f3n.<\/p>\n<p>Los estados que registran los mayores \u00edndices de contagios en estos momentos son R\u00edo Grande do Sul, Santa Catarina -ambos limitan con Argentina-, Mato Grosso do Sul y Minas Gerais.<\/p>\n<p>Otras once regiones de Brasil muestran \u00edndices de estabilidad en el n\u00famero de contagios y muertes, mientras que en las doce restantes el virus comienza a dar tregua.<\/p>\n<p>El presidente Jair Bolsonaro se pronunci\u00f3 este domingo sobre las m\u00e1s de 100.000 muertes que ha dejado la pandemia del coronavirus en Brasil, y critic\u00f3 la forma en que los medios de comunicaci\u00f3n divulgaron la noticia.<\/p>\n<p>&#8220;De manera cobarde e irrespetuosa a los 100 mil brasile\u00f1os muertos, esta TV celebr\u00f3 ayer esa fecha como una verdadera final del Mundial, culpando al Presidente de la Rep\u00fablica de todas las muertes&#8221;, indic\u00f3 el mandatario en un mensaje divulgado por Facebook.<\/p>\n<p>&#8220;Muchos gestores y profesionales de la salud hicieron todo por la vida de los dem\u00e1s, a diferencia de esa gran cadena de televisi\u00f3n que s\u00f3lo sembr\u00f3 el p\u00e1nico en la poblaci\u00f3n y la discordia entre los poderes&#8221;, agreg\u00f3, haciendo alusi\u00f3n, al parecer, a la red de televisi\u00f3n Globo.<\/p>\n<p>Bolsonaro, uno de los mandatarios m\u00e1s esc\u00e9pticos en el mundo sobre la gravedad del coronavirus, lleg\u00f3 a considerar la enfermedad como una &#8220;gripecita&#8221; y dos ministros de Salud abandonaron sus carteras en plena pandemia por discrepancias con el dirigente sobre c\u00f3mo enfrentarla.<\/p>\n","protected":false},"excerpt":{"rendered":"<p>En la \u00faltima semana, el n\u00famero de fallecidos borde\u00f3 diariamente el millar de casos, mientras que el promedio de contagios super\u00f3 los 40.000. El presidente critic\u00f3 a los medios por la cobertura cuando se super\u00f3 el n\u00famero de cien mil brasile\u00f1os muertos &nbsp; &nbsp; Brasil sum\u00f3 en las \u00faltimas 24 horas 572 muertos por la pandemia de coronavirus, con lo que ya totaliza 101.049 fallecidos, y el n\u00famero de casos confirmados sobrepasa los tres millones, inform\u00f3 este domingo el Gobierno, en tanto Bolsonaro critic\u00f3 esta ma\u00f1ana la forma en que&#8230;<\/p>\n","protected":false},"author":3,"featured_media":65334,"comment_status":"closed","ping_status":"closed","sticky":false,"template":"","format":"standard","meta":[],"categories":[4],"tags":[],"_links":{"self":[{"href":"https:\/\/www.actualidadadiario.com\/index.php\/wp-json\/wp\/v2\/posts\/65333"}],"collection":[{"href":"https:\/\/www.actualidadadiario.com\/index.php\/wp-json\/wp\/v2\/posts"}],"about":[{"href":"https:\/\/www.actualidadadiario.com\/index.php\/wp-json\/wp\/v2\/types\/post"}],"author":[{"embeddable":true,"href":"https:\/\/www.actualidadadiario.com\/index.php\/wp-json\/wp\/v2\/users\/3"}],"replies":[{"embeddable":true,"href":"https:\/\/www.actualidadadiario.com\/index.php\/wp-json\/wp\/v2\/comments?post=65333"}],"version-history":[{"count":1,"href":"https:\/\/www.actualidadadiario.com\/index.php\/wp-json\/wp\/v2\/posts\/65333\/revisions"}],"predecessor-version":[{"id":65335,"href":"https:\/\/www.actualidadadiario.com\/index.php\/wp-json\/wp\/v2\/posts\/65333\/revisions\/65335"}],"wp:featuredmedia":[{"embeddable":true,"href":"https:\/\/www.actualidadadiario.com\/index.php\/wp-json\/wp\/v2\/media\/65334"}],"wp:attachment":[{"href":"https:\/\/www.actualidadadiario.com\/index.php\/wp-json\/wp\/v2\/media?parent=65333"}],"wp:term":[{"taxonomy":"category","embeddable":true,"href":"https:\/\/www.actualidadadiario.com\/index.php\/wp-json\/wp\/v2\/categories?post=65333"},{"taxonomy":"post_tag","embeddable":true,"href":"https:\/\/www.actualidadadiario.com\/index.php\/wp-json\/wp\/v2\/tags?post=65333"}],"curies":[{"name":"wp","href":"https:\/\/api.w.org\/{rel}","templated":true}]}}