{"id":65324,"date":"2020-08-10T12:49:56","date_gmt":"2020-08-10T15:49:56","guid":{"rendered":"https:\/\/www.actualidadadiario.com\/?p=65324"},"modified":"2020-08-10T12:49:56","modified_gmt":"2020-08-10T15:49:56","slug":"juntos-por-el-cambio-analiza-estrategia-de-cara-a-la-reforma-judicial","status":"publish","type":"post","link":"https:\/\/www.actualidadadiario.com\/index.php\/2020\/08\/10\/juntos-por-el-cambio-analiza-estrategia-de-cara-a-la-reforma-judicial\/","title":{"rendered":"Juntos por el Cambio analiza estrategia de cara a la reforma judicial"},"content":{"rendered":"<p style=\"text-align: center;\"><em><strong>Las autoridades de la UCR, el PRO y la CC mantendr\u00e1n el segundo encuentro virtual para buscar acuerdos frente a la reforma judicial y otros temas de agenda<\/strong><\/em><\/p>\n<p>&nbsp;<\/p>\n<p>&nbsp;<\/p>\n<p>Las autoridades de los tres partidos que integran Juntos por el Cambio ( UCR, PRO y CC) mantendr\u00e1n hoy un encuentro virtual para debatir y buscar acuerdos internos frente la reforma judicial que impulsa el Gobierno y otros temas de la agenda pol\u00edtica.<\/p>\n<p>Est\u00e1 confirmada la participaci\u00f3n del expresidente Mauricio Macri desde la costa francesa, donde vacaciona junto a su familia antes de viajar a Zurich (Suiza) para asumir como titular de la Fundaci\u00f3n FIFA, dedicada a la integraci\u00f3n mediante el deporte.<\/p>\n<p>Los otros protagonistas del encuentro ser\u00e1n los jefes de los partidos socios de la coalici\u00f3n: Patricia Bullrich (PRO), Alfredo Cornejo (Uni\u00f3n C\u00edvica Radical) y Maximiliano Ferraro (Coalici\u00f3n C\u00edvica), junto al actual auditor Miguel Pichetto, una de las patas peronistas del armado de JxC.<\/p>\n<p>Tambi\u00e9n estar\u00e1n el jefe de Gobierno de la Ciudad, Horacio Rodr\u00edguez Larreta y la exgobernadora bonaerense Mar\u00eda Eugenia Vidal, junto al jefe de la bancada de JxC en Diputados, Mario Negri, y su par del bloque PRO, Cristian Ritondo, entre otros.<\/p>\n<p>Seg\u00fan informaron fuentes partidarias, en la coyuntura actual decidieron mantener &#8220;todos los lunes&#8221; este tipo de encuentros, con la reforma judicial que impulsa el Gobierno como tema central de debate, junto al aislamiento social obligatorio que se mantiene en muchos puntos del pa\u00eds y cuya modalidad e implementaci\u00f3n fue criticado por algunos de los referentes opositores en varias oportunidades.<\/p>\n<p>En torno a la reforma judicial en particular, en su \u00faltima reuni\u00f3n Juntos por el Cambio hab\u00eda emitido un duro documento en contra del proyecto del oficialismo.<\/p>\n","protected":false},"excerpt":{"rendered":"<p>Las autoridades de la UCR, el PRO y la CC mantendr\u00e1n el segundo encuentro virtual para buscar acuerdos frente a la reforma judicial y otros temas de agenda &nbsp; &nbsp; Las autoridades de los tres partidos que integran Juntos por el Cambio ( UCR, PRO y CC) mantendr\u00e1n hoy un encuentro virtual para debatir y buscar acuerdos internos frente la reforma judicial que impulsa el Gobierno y otros temas de la agenda pol\u00edtica. Est\u00e1 confirmada la participaci\u00f3n del expresidente Mauricio Macri desde la costa francesa, donde vacaciona junto a su&#8230;<\/p>\n","protected":false},"author":3,"featured_media":65325,"comment_status":"closed","ping_status":"closed","sticky":false,"template":"","format":"standard","meta":[],"categories":[18],"tags":[],"_links":{"self":[{"href":"https:\/\/www.actualidadadiario.com\/index.php\/wp-json\/wp\/v2\/posts\/65324"}],"collection":[{"href":"https:\/\/www.actualidadadiario.com\/index.php\/wp-json\/wp\/v2\/posts"}],"about":[{"href":"https:\/\/www.actualidadadiario.com\/index.php\/wp-json\/wp\/v2\/types\/post"}],"author":[{"embeddable":true,"href":"https:\/\/www.actualidadadiario.com\/index.php\/wp-json\/wp\/v2\/users\/3"}],"replies":[{"embeddable":true,"href":"https:\/\/www.actualidadadiario.com\/index.php\/wp-json\/wp\/v2\/comments?post=65324"}],"version-history":[{"count":1,"href":"https:\/\/www.actualidadadiario.com\/index.php\/wp-json\/wp\/v2\/posts\/65324\/revisions"}],"predecessor-version":[{"id":65326,"href":"https:\/\/www.actualidadadiario.com\/index.php\/wp-json\/wp\/v2\/posts\/65324\/revisions\/65326"}],"wp:featuredmedia":[{"embeddable":true,"href":"https:\/\/www.actualidadadiario.com\/index.php\/wp-json\/wp\/v2\/media\/65325"}],"wp:attachment":[{"href":"https:\/\/www.actualidadadiario.com\/index.php\/wp-json\/wp\/v2\/media?parent=65324"}],"wp:term":[{"taxonomy":"category","embeddable":true,"href":"https:\/\/www.actualidadadiario.com\/index.php\/wp-json\/wp\/v2\/categories?post=65324"},{"taxonomy":"post_tag","embeddable":true,"href":"https:\/\/www.actualidadadiario.com\/index.php\/wp-json\/wp\/v2\/tags?post=65324"}],"curies":[{"name":"wp","href":"https:\/\/api.w.org\/{rel}","templated":true}]}}