{"id":65321,"date":"2020-08-10T12:49:13","date_gmt":"2020-08-10T15:49:13","guid":{"rendered":"https:\/\/www.actualidadadiario.com\/?p=65321"},"modified":"2020-08-10T12:49:13","modified_gmt":"2020-08-10T15:49:13","slug":"para-cafiero-negarse-a-tratar-un-proyecto-de-ley-sin-haberlo-leido-debilita-la-democracia","status":"publish","type":"post","link":"https:\/\/www.actualidadadiario.com\/index.php\/2020\/08\/10\/para-cafiero-negarse-a-tratar-un-proyecto-de-ley-sin-haberlo-leido-debilita-la-democracia\/","title":{"rendered":"Para Cafiero, negarse a tratar un proyecto de ley sin haberlo le\u00eddo debilita la democracia"},"content":{"rendered":"<p style=\"text-align: center;\"><em><strong>El jefe de Gabinete asegur\u00f3 que el Gobierno busca &#8220;un di\u00e1logo franco&#8221; con la oposici\u00f3n en torno al proyecto de reforma judicial<\/strong><\/em><\/p>\n<p>&nbsp;<\/p>\n<p>&nbsp;<\/p>\n<p>El jefe de Gabinete, Santiago Cafiero, asegur\u00f3 hoy que la prioridad de este Gobierno es &#8220;acompa\u00f1ar y apuntalar a los que producen y trabajan&#8221;, al tiempo que, al referirse a la reforma judicial y la postura de Juntos por el Cambio, consider\u00f3 que negarse a tratar un proyecto de ley sin haberlo le\u00eddo &#8220;debilita la democracia&#8221;.<\/p>\n<p>En di\u00e1logo con Radio 10, Cafiero sostuvo que la prioridad de la gesti\u00f3n es &#8220;acompa\u00f1ar y apuntalar a los que producen y trabajan&#8221;, y se\u00f1al\u00f3 que, en ese sentido, buscar\u00e1n avanzar los gabinetes tem\u00e1ticos que hoy comienzan a sesionar en el \u00e1mbito del Gobierno.<\/p>\n<p>Atribuy\u00f3 esta posibilidad que se abre al hecho de haber llegado a un acuerdo con bonistas extranjeros, que -dijo- &#8220;permite a la Argentina construir un horizonte distinto, y pensar herramientas de est\u00edmulo a los diferentes sectores&#8221;.<\/p>\n<p>&nbsp;<\/p>\n<p><strong>La Reforma Judicial<\/strong><\/p>\n<p>En otro tramo de la entrevista, al referirse a la reforma judicial, Santiago Cafiero indic\u00f3 que el Gobierno busca &#8220;un di\u00e1logo franco&#8221; con la oposici\u00f3n en torno al proyecto y que, por ese motivo, la iniciativa que surgi\u00f3 desde el Poder Ejecutivo &#8220;se debate donde se debe debatir&#8221;, que es &#8220;en el Poder Legislativo&#8221;.<\/p>\n<p>El jefe de Gabinete apunt\u00f3 a Juntos por el Cambio al advertir que &#8220;negarse a un tratamiento sin haber le\u00eddo la ley, debilita la democracia&#8221;.<\/p>\n<p>&nbsp;<\/p>\n<p><strong>Las medidas contra el coronavirus<\/strong><\/p>\n<p>En tanto, al hablar con radio La Red, y referirse a c\u00f3mo seguir\u00e1n las medidas en relaci\u00f3n al coronavirus indic\u00f3 que &#8220;la pandemia tiene de rodillas al mundo, no es un invento argentino ni del Frente de Todos&#8221;.<\/p>\n<p>&#8220;Es una situaci\u00f3n din\u00e1mica y vamos a evaluar la cantidad de casos, la ocupaci\u00f3n de unidades de terapia, c\u00f3mo est\u00e1 el sistema de salud, c\u00f3mo estamos viendo los cuerpos m\u00e9dicos y sobre todas esas variables construir un diagn\u00f3stico \u00fanico&#8221;, afirm\u00f3 el funcionario.<\/p>\n<p>Por otro lado, en cuanto a la modalidad en la que continuar\u00e1n las medidas para contener la propagaci\u00f3n del coronavirus una vez que termine la actual etapa, que rige hasta el pr\u00f3ximo domingo, Santiago Cafiero indic\u00f3 que aguardar\u00e1n &#8220;llegar al mi\u00e9rcoles o jueves, y all\u00ed evaluar la situaci\u00f3n&#8221;.<\/p>\n<p>&#8220;Los expertos en epidemiolog\u00eda nos planteaban que, donde hay protocolos, la cuesti\u00f3n funciona pero esos cuidados se relajan en las reuniones sociales y all\u00ed tomamos la decisi\u00f3n de ser m\u00e1s r\u00edgidos&#8221;, indic\u00f3.<\/p>\n<p>&#8220;Si hay que ser m\u00e1s r\u00edgidos, lo vamos a ser; vamos a seguir cuidando la vida de los argentinos y las argentinas. Las familias hicieron un cuidado muy intensivo y eso se ve en las cifras de la tasa de letalidad, que es muy baja&#8221;, afirm\u00f3 el jefe de Gabinete.<\/p>\n<p>&#8220;Tenemos casos naturalmente, pero a partir de no tener saturado el sistema nos permite que los argentinos y argentinas no se mueran. No hay que perder de vista que estamos trabajando sobre una crisis de la pandemia que est\u00e1 montada sobre la crisis que nos dej\u00f3 el Gobierno anterior&#8221;, indic\u00f3 Cafiero.<\/p>\n<p>&nbsp;<\/p>\n<p><strong>El aumento a Jubilados<\/strong><\/p>\n<p>En otro orden, al ser consultado sobre cu\u00e1l ser\u00e1 el porcentaje de aumento para los jubilados en el mes de septiembre manifest\u00f3 que &#8220;la inflaci\u00f3n en el primer semestre fue de 13 puntos y el aumento para los jubilados de la m\u00ednima fue de 19 puntos, as\u00ed que los jubilados pueden estar seguros de que este Gobierno no es un Gobierno que no los est\u00e9 mirando ni escuchando&#8221;.<\/p>\n<p>&#8220;Cu\u00e1nto ser\u00e1 el aumento a\u00fan se est\u00e1 trabajando, pero se va a hacer por decreto porque a\u00fan no perfeccionamos la f\u00f3rmula (de actualizaci\u00f3n por ley)&#8221;, sostuvo Cafiero.<\/p>\n<p>&nbsp;<\/p>\n<p><strong>Sobre el proyecto de interrupci\u00f3n voluntaria del embarazo<\/strong><\/p>\n<p>Al opinar sobre cu\u00e1ndo se tratar\u00e1 el proyecto de interrupci\u00f3n voluntaria del embarazo afirm\u00f3 que &#8220;si no hubi\u00e9ramos tenido la pandemia se trataba este a\u00f1o&#8221; y agreg\u00f3 que &#8220;la vocaci\u00f3n es que el proyecto se trate y que sea ley&#8221;.<\/p>\n<p>Asimismo, descart\u00f3 versiones de cambios en el gabinete de ministros al indicar que &#8220;los ministerios vienen trabajando muy bien&#8221;.<\/p>\n<p>&#8220;Todav\u00eda no&#8221;, respondi\u00f3 Cafiero, y agreg\u00f3 que &#8220;hacer evaluaciones en este momento es muy apresurado, estamos muy conformes con el gabinete&#8221;.<\/p>\n","protected":false},"excerpt":{"rendered":"<p>El jefe de Gabinete asegur\u00f3 que el Gobierno busca &#8220;un di\u00e1logo franco&#8221; con la oposici\u00f3n en torno al proyecto de reforma judicial &nbsp; &nbsp; El jefe de Gabinete, Santiago Cafiero, asegur\u00f3 hoy que la prioridad de este Gobierno es &#8220;acompa\u00f1ar y apuntalar a los que producen y trabajan&#8221;, al tiempo que, al referirse a la reforma judicial y la postura de Juntos por el Cambio, consider\u00f3 que negarse a tratar un proyecto de ley sin haberlo le\u00eddo &#8220;debilita la democracia&#8221;. En di\u00e1logo con Radio 10, Cafiero sostuvo que la prioridad&#8230;<\/p>\n","protected":false},"author":3,"featured_media":65322,"comment_status":"closed","ping_status":"closed","sticky":false,"template":"","format":"standard","meta":[],"categories":[18],"tags":[],"_links":{"self":[{"href":"https:\/\/www.actualidadadiario.com\/index.php\/wp-json\/wp\/v2\/posts\/65321"}],"collection":[{"href":"https:\/\/www.actualidadadiario.com\/index.php\/wp-json\/wp\/v2\/posts"}],"about":[{"href":"https:\/\/www.actualidadadiario.com\/index.php\/wp-json\/wp\/v2\/types\/post"}],"author":[{"embeddable":true,"href":"https:\/\/www.actualidadadiario.com\/index.php\/wp-json\/wp\/v2\/users\/3"}],"replies":[{"embeddable":true,"href":"https:\/\/www.actualidadadiario.com\/index.php\/wp-json\/wp\/v2\/comments?post=65321"}],"version-history":[{"count":1,"href":"https:\/\/www.actualidadadiario.com\/index.php\/wp-json\/wp\/v2\/posts\/65321\/revisions"}],"predecessor-version":[{"id":65323,"href":"https:\/\/www.actualidadadiario.com\/index.php\/wp-json\/wp\/v2\/posts\/65321\/revisions\/65323"}],"wp:featuredmedia":[{"embeddable":true,"href":"https:\/\/www.actualidadadiario.com\/index.php\/wp-json\/wp\/v2\/media\/65322"}],"wp:attachment":[{"href":"https:\/\/www.actualidadadiario.com\/index.php\/wp-json\/wp\/v2\/media?parent=65321"}],"wp:term":[{"taxonomy":"category","embeddable":true,"href":"https:\/\/www.actualidadadiario.com\/index.php\/wp-json\/wp\/v2\/categories?post=65321"},{"taxonomy":"post_tag","embeddable":true,"href":"https:\/\/www.actualidadadiario.com\/index.php\/wp-json\/wp\/v2\/tags?post=65321"}],"curies":[{"name":"wp","href":"https:\/\/api.w.org\/{rel}","templated":true}]}}