{"id":65313,"date":"2020-08-10T12:45:48","date_gmt":"2020-08-10T15:45:48","guid":{"rendered":"https:\/\/www.actualidadadiario.com\/?p=65313"},"modified":"2020-08-10T12:45:48","modified_gmt":"2020-08-10T15:45:48","slug":"trotta-brindo-detalles-sobre-un-plan-de-conectividad-gratuito-para-docentes-y-alumnos","status":"publish","type":"post","link":"https:\/\/www.actualidadadiario.com\/index.php\/2020\/08\/10\/trotta-brindo-detalles-sobre-un-plan-de-conectividad-gratuito-para-docentes-y-alumnos\/","title":{"rendered":"Trotta brind\u00f3 detalles sobre un plan de conectividad gratuito para docentes y alumnos"},"content":{"rendered":"<p style=\"text-align: center;\"><em><strong>El ministro de Educaci\u00f3n, Nicol\u00e1s Trotta, analiza el regreso a clases presenciales frente a la pandemia. Ser\u00e1 en algunas jurisdicciones bajo protocolos, con sistema bimodal para que no haya m\u00e1s de 15 alumnos en el aula. En este escenario, brind\u00f3 detalles sobre un plan de conectividad. Fue durante una entrevista con Radio Mitre. Luego, comparti\u00f3 un fragmento a trav\u00e9s de una publicaci\u00f3n en su cuenta de Twitter<\/strong><\/em><\/p>\n<p>&nbsp;<\/p>\n<p>\u201cEstaremos presentando un servicio de mensajer\u00eda para que docentes y estudiantes se comuniquen sin consumir datos\u201d, escribi\u00f3 el funcionario. En di\u00e1logo con el periodista Gonzalo S\u00e1nchez, indic\u00f3 que el portal Seguimos Educando tampoco implica gastos al igual que las p\u00e1ginas web de las provincias y de la Ciudad Aut\u00f3noma de Buenos Aires. No obstante, aclar\u00f3 que hay consumo cuando se utiliza WhatsApp o YouTube.<\/p>\n<p>De acuerdo con el jefe de la cartera de Educaci\u00f3n, la presentaci\u00f3n ser\u00e1 el 18 de agosto en marco del plan de conectividad Juana Manso. El objetivo es incorporar aplicaciones que se utilicen gratuitamente. \u201cComo est\u00e1n alojadas en servidores p\u00fablicos identificados no van a gastar datos de los celulares\u201d, explic\u00f3. Seguidamente, se\u00f1al\u00f3 que esta medida ayuda, \u201cpero no resuelve los problemas\u201d.<\/p>\n<p>Antes de culminar, sostuvo que la conectividad y la tecnolog\u00eda es un \u201cproceso\u201d que deber\u00e1n \u201cescalar\u201d desde el Gobierno, ya que la escuela implicar\u00e1 \u201cpresencialidad y trabajo en el hogar\u201d. Por otra parte, Nicol\u00e1s Trotta se refiri\u00f3 a la reorganizaci\u00f3n del ciclo lectivo en Radio Rivadavia. Seg\u00fan detall\u00f3, el objetivo es \u201cgarantizar que todos los estudiantes tengan los saberes y aprendizajes necesarios\u201d.<\/p>\n<p>De este modo, coment\u00f3 que habr\u00e1 \u201cmomentos diferentes\u201d en el regreso a clases presenciales. En esta l\u00ednea, manifest\u00f3 que habr\u00e1 un esquema de reorganizaci\u00f3n integral del ciclo lectivo que implicar\u00e1 varios a\u00f1os. A su vez, precis\u00f3 que se intensificar\u00e1n ciertos aprendizajes. Finalmente, sostuvo que es un \u201cdesaf\u00edo\u201d para el sistema educativo de Argentina y para los pa\u00edses que atraviesan un panorama similar.<\/p>\n","protected":false},"excerpt":{"rendered":"<p>El ministro de Educaci\u00f3n, Nicol\u00e1s Trotta, analiza el regreso a clases presenciales frente a la pandemia. Ser\u00e1 en algunas jurisdicciones bajo protocolos, con sistema bimodal para que no haya m\u00e1s de 15 alumnos en el aula. En este escenario, brind\u00f3 detalles sobre un plan de conectividad. Fue durante una entrevista con Radio Mitre. Luego, comparti\u00f3 un fragmento a trav\u00e9s de una publicaci\u00f3n en su cuenta de Twitter &nbsp; \u201cEstaremos presentando un servicio de mensajer\u00eda para que docentes y estudiantes se comuniquen sin consumir datos\u201d, escribi\u00f3 el funcionario. En di\u00e1logo con&#8230;<\/p>\n","protected":false},"author":3,"featured_media":61429,"comment_status":"closed","ping_status":"closed","sticky":false,"template":"","format":"standard","meta":[],"categories":[18],"tags":[],"_links":{"self":[{"href":"https:\/\/www.actualidadadiario.com\/index.php\/wp-json\/wp\/v2\/posts\/65313"}],"collection":[{"href":"https:\/\/www.actualidadadiario.com\/index.php\/wp-json\/wp\/v2\/posts"}],"about":[{"href":"https:\/\/www.actualidadadiario.com\/index.php\/wp-json\/wp\/v2\/types\/post"}],"author":[{"embeddable":true,"href":"https:\/\/www.actualidadadiario.com\/index.php\/wp-json\/wp\/v2\/users\/3"}],"replies":[{"embeddable":true,"href":"https:\/\/www.actualidadadiario.com\/index.php\/wp-json\/wp\/v2\/comments?post=65313"}],"version-history":[{"count":2,"href":"https:\/\/www.actualidadadiario.com\/index.php\/wp-json\/wp\/v2\/posts\/65313\/revisions"}],"predecessor-version":[{"id":65315,"href":"https:\/\/www.actualidadadiario.com\/index.php\/wp-json\/wp\/v2\/posts\/65313\/revisions\/65315"}],"wp:featuredmedia":[{"embeddable":true,"href":"https:\/\/www.actualidadadiario.com\/index.php\/wp-json\/wp\/v2\/media\/61429"}],"wp:attachment":[{"href":"https:\/\/www.actualidadadiario.com\/index.php\/wp-json\/wp\/v2\/media?parent=65313"}],"wp:term":[{"taxonomy":"category","embeddable":true,"href":"https:\/\/www.actualidadadiario.com\/index.php\/wp-json\/wp\/v2\/categories?post=65313"},{"taxonomy":"post_tag","embeddable":true,"href":"https:\/\/www.actualidadadiario.com\/index.php\/wp-json\/wp\/v2\/tags?post=65313"}],"curies":[{"name":"wp","href":"https:\/\/api.w.org\/{rel}","templated":true}]}}